{"id":257101,"date":"2024-11-17T11:18:17","date_gmt":"2024-11-17T15:18:17","guid":{"rendered":"https:\/\/elluchador.info\/?p=257101"},"modified":"2024-11-17T11:23:32","modified_gmt":"2024-11-17T15:23:32","slug":"fallece-el-maestro-del-jazz-venezolano-gerry-weil","status":"publish","type":"post","link":"https:\/\/elluchador.info\/?p=257101","title":{"rendered":"Fallece el maestro del jazz venezolano Gerry Weil"},"content":{"rendered":"\n<p>La m\u00fasica venezolana est\u00e1 de luto con el fallecimiento del maestro de jazz venezolanos Gerry Weil, a los 85 a\u00f1os. As\u00ed lo dio a conocer su hijo, Gerhard Weil, en su cuenta en la red social Instagram, donde le dedic\u00f3 unas emotivas palabras a su padre.&nbsp;<\/p>\n\n\n\n<p>\u00abTe despediste de este plano terrenal para que tu m\u00fasica resuene libre en la eternidad Gerry (Gerhard Von Weilheim Chalupa) Fuiste y seguir\u00e1s siendo mi h\u00e9roe de vida, mi mejor amigo, un ser de luz que brillar\u00e1 por siempre en nuestros corazones\u201d, escribi\u00f3.<\/p>\n\n\n\n<p>\u00abTu legado es eterno, infinito y universal. Amaste a Venezuela como nadie y cumpliste tu promesa de devolverle con gratitud infinita a esta tierra bendita formando a miles de los mejores m\u00fasicos de Venezuela que brillan en el mundo entero. Te amamos por siempre\u00bb, agreg\u00f3.<\/p>\n\n\n\n<p>Por el momento, se desconocen las causas de su muerte y si se encontraba en territorio venezolano.<\/p>\n\n\n\n<p><strong>Su vida<br \/><\/strong><br \/>Gerhard Weilheim, conocido art\u00edsticamente como Gerry Weil, naci\u00f3 el 11 de agosto de 1939 en Viena, Austria.<\/p>\n\n\n\n<p>Emigr\u00f3 a Venezuela en 1957, Weil emigr\u00f3 a Venezuela, donde comenz\u00f3 su educaci\u00f3n musical formal a los 17 a\u00f1os, recibiendo clases de m\u00fasicos como Tito Fuentes, Eduardo Cabrera y Rub\u00e9n Jacpo, rese\u00f1\u00f3 \u00daltimas Noticias.<\/p>\n\n\n\n<p>Aunque gran parte de su formaci\u00f3n fue autodidacta, tambi\u00e9n tom\u00f3 cursos por correspondencia en el prestigioso Berklee College of Music en Boston, Estados Unidos.<\/p>\n\n\n\n<p>El primer contacto de Gerry Weil con la m\u00fasica, especialmente con el jazz, ocurri\u00f3 cuando era peque\u00f1o, a los seis o siete a\u00f1os, tras la victoria de los aliados en Europa durante la Segunda Guerra Mundial.<\/p>\n\n\n\n<p>En 2008, Gerry Weil fue galardonado con el Premio Nacional de M\u00fasica y en 2009 recibi\u00f3 la Orden al M\u00e9rito de la Rep\u00fablica de Austria. En 2020, lanz\u00f3 su \u00e1lbum \u00abSabana Grande\u00bb, coproducido y grabado por Alfredo Guerrero, con el cual gan\u00f3 el premio Pepsi por su canci\u00f3n \u201cAnanda\u201d.<\/p>\n\n\n\n<p>Siempre consider\u00f3 a Venezuela su \u201csegunda patria\u201d. Con una discograf\u00eda de 17 \u00e1lbumes, su \u00faltimo trabajo es \u201cGerry Plays Bach\u201d.<\/p>\n\n\n\n<p>Este talentoso m\u00fasico austriaco-venezolano dej\u00f3 una huella imborrable en el mundo del jazz, destac\u00e1ndose como pianista, compositor, arreglista y educador.<\/p>\n\n\n\n<p><strong>Con informaci\u00f3n de Agencias&nbsp;<\/strong><\/p>\n","protected":false},"excerpt":{"rendered":"<p>La m\u00fasica venezolana est\u00e1 de luto con el fallecimiento del maestro de jazz venezolanos Gerry Weil, a los 85 a\u00f1os. As\u00ed lo dio a conocer su hijo, Gerhard Weil, en su cuenta en la red social Instagram, donde le dedic\u00f3 unas emotivas palabras a su padre.&nbsp; \u00abTe despediste de este plano terrenal para que tu [&hellip;]<\/p>\n","protected":false},"author":2,"featured_media":257100,"comment_status":"closed","ping_status":"closed","sticky":false,"template":"","format":"standard","meta":{"footnotes":""},"categories":[7],"tags":[],"class_list":{"0":"post-257101","1":"post","2":"type-post","3":"status-publish","4":"format-standard","5":"has-post-thumbnail","7":"category-entretenimiento"},"_links":{"self":[{"href":"https:\/\/elluchador.info\/index.php?rest_route=\/wp\/v2\/posts\/257101","targetHints":{"allow":["GET"]}}],"collection":[{"href":"https:\/\/elluchador.info\/index.php?rest_route=\/wp\/v2\/posts"}],"about":[{"href":"https:\/\/elluchador.info\/index.php?rest_route=\/wp\/v2\/types\/post"}],"author":[{"embeddable":true,"href":"https:\/\/elluchador.info\/index.php?rest_route=\/wp\/v2\/users\/2"}],"replies":[{"embeddable":true,"href":"https:\/\/elluchador.info\/index.php?rest_route=%2Fwp%2Fv2%2Fcomments&post=257101"}],"version-history":[{"count":1,"href":"https:\/\/elluchador.info\/index.php?rest_route=\/wp\/v2\/posts\/257101\/revisions"}],"predecessor-version":[{"id":257102,"href":"https:\/\/elluchador.info\/index.php?rest_route=\/wp\/v2\/posts\/257101\/revisions\/257102"}],"wp:featuredmedia":[{"embeddable":true,"href":"https:\/\/elluchador.info\/index.php?rest_route=\/wp\/v2\/media\/257100"}],"wp:attachment":[{"href":"https:\/\/elluchador.info\/index.php?rest_route=%2Fwp%2Fv2%2Fmedia&parent=257101"}],"wp:term":[{"taxonomy":"category","embeddable":true,"href":"https:\/\/elluchador.info\/index.php?rest_route=%2Fwp%2Fv2%2Fcategories&post=257101"},{"taxonomy":"post_tag","embeddable":true,"href":"https:\/\/elluchador.info\/index.php?rest_route=%2Fwp%2Fv2%2Ftags&post=257101"}],"curies":[{"name":"wp","href":"https:\/\/api.w.org\/{rel}","templated":true}]}}