{"id":257113,"date":"2024-11-17T12:37:47","date_gmt":"2024-11-17T16:37:47","guid":{"rendered":"https:\/\/elluchador.info\/?p=257113"},"modified":"2024-11-17T12:38:29","modified_gmt":"2024-11-17T16:38:29","slug":"expoesia-continua-con-presentaciones-de-libros-este-fin-de-semana","status":"publish","type":"post","link":"https:\/\/elluchador.info\/?p=257113","title":{"rendered":"Expoes\u00eda contin\u00faa con presentaciones de libros este fin de semana"},"content":{"rendered":"\n<p>Este s\u00e1bado, en la primera&nbsp;<strong>Feria Internacional de Libro de Poes\u00eda, Expoes\u00eda 2024,<\/strong>&nbsp;se llevar\u00e1 a cabo la presentaci\u00f3n del libro&nbsp;<strong>Sobre blanco,<\/strong>&nbsp;escrito por el vicepresidente sectorial de Comunicaci\u00f3n y Cultura,&nbsp;<strong>Freddy N\u00e1\u00f1ez,&nbsp;<\/strong>en la continuaci\u00f3n de la iniciativa inaugurada el pasado 14 de noviembre, en el&nbsp;<strong>Centro de Estudios Latinoamericanos y del Caribe R\u00f3mulo Gallegos (Celarg)<\/strong>, Caracas.<\/p>\n\n\n\n<p>En la agenda de la Expoes\u00eda de este fin de semana, se tiene prevista tambi\u00e9n la exposici\u00f3n de Novedades Acirema, de ediciones \u00c1rboles de hoja perenne, de Bel\u00e9n Ojeda (Venezuela), INRI, de Ra\u00fal Zurita (Chile), as\u00ed como de la Colecci\u00f3n Poes\u00eda del Mundo, con poetas de M\u00e9xico, adem\u00e1s de un recital de poes\u00eda.<\/p>\n\n\n\n<p>El Celarg recibir\u00e1 a los poetas invitados Edwin Madrid, de Ecuador; Armando Maldonado, de Honduras; Melissa Saume, de Bolivia; Mijail Lamas, de M\u00e9xico; Manuel Ibarra, de El Salvador; Paola Valverde, de Costa Rica.&nbsp;<\/p>\n\n\n\n<p>Expoes\u00eda 2024 culminar\u00e1 este domingo 17 de noviembre y todos los asistentes a esta fiesta literaria pueden adquirir libros de los poetas procedentes de Argentina, Azerbaiy\u00e1n, Bolivia, Colombia, Cuba, Chile, Ecuador y Per\u00fa, entre otros.<\/p>\n\n\n\n<p><strong><em>Con informaci\u00f3n de AVN<\/em><\/strong><\/p>\n","protected":false},"excerpt":{"rendered":"<p>Este s\u00e1bado, en la primera&nbsp;Feria Internacional de Libro de Poes\u00eda, Expoes\u00eda 2024,&nbsp;se llevar\u00e1 a cabo la presentaci\u00f3n del libro&nbsp;Sobre blanco,&nbsp;escrito por el vicepresidente sectorial de Comunicaci\u00f3n y Cultura,&nbsp;Freddy N\u00e1\u00f1ez,&nbsp;en la continuaci\u00f3n de la iniciativa inaugurada el pasado 14 de noviembre, en el&nbsp;Centro de Estudios Latinoamericanos y del Caribe R\u00f3mulo Gallegos (Celarg), Caracas. En la agenda [&hellip;]<\/p>\n","protected":false},"author":2,"featured_media":257112,"comment_status":"closed","ping_status":"closed","sticky":false,"template":"","format":"standard","meta":{"footnotes":""},"categories":[1160],"tags":[],"class_list":{"0":"post-257113","1":"post","2":"type-post","3":"status-publish","4":"format-standard","5":"has-post-thumbnail","7":"category-cultura"},"_links":{"self":[{"href":"https:\/\/elluchador.info\/index.php?rest_route=\/wp\/v2\/posts\/257113","targetHints":{"allow":["GET"]}}],"collection":[{"href":"https:\/\/elluchador.info\/index.php?rest_route=\/wp\/v2\/posts"}],"about":[{"href":"https:\/\/elluchador.info\/index.php?rest_route=\/wp\/v2\/types\/post"}],"author":[{"embeddable":true,"href":"https:\/\/elluchador.info\/index.php?rest_route=\/wp\/v2\/users\/2"}],"replies":[{"embeddable":true,"href":"https:\/\/elluchador.info\/index.php?rest_route=%2Fwp%2Fv2%2Fcomments&post=257113"}],"version-history":[{"count":1,"href":"https:\/\/elluchador.info\/index.php?rest_route=\/wp\/v2\/posts\/257113\/revisions"}],"predecessor-version":[{"id":257114,"href":"https:\/\/elluchador.info\/index.php?rest_route=\/wp\/v2\/posts\/257113\/revisions\/257114"}],"wp:featuredmedia":[{"embeddable":true,"href":"https:\/\/elluchador.info\/index.php?rest_route=\/wp\/v2\/media\/257112"}],"wp:attachment":[{"href":"https:\/\/elluchador.info\/index.php?rest_route=%2Fwp%2Fv2%2Fmedia&parent=257113"}],"wp:term":[{"taxonomy":"category","embeddable":true,"href":"https:\/\/elluchador.info\/index.php?rest_route=%2Fwp%2Fv2%2Fcategories&post=257113"},{"taxonomy":"post_tag","embeddable":true,"href":"https:\/\/elluchador.info\/index.php?rest_route=%2Fwp%2Fv2%2Ftags&post=257113"}],"curies":[{"name":"wp","href":"https:\/\/api.w.org\/{rel}","templated":true}]}}