{"id":257125,"date":"2024-11-17T14:42:32","date_gmt":"2024-11-17T18:42:32","guid":{"rendered":"https:\/\/elluchador.info\/?p=257125"},"modified":"2024-11-17T15:16:42","modified_gmt":"2024-11-17T19:16:42","slug":"pedro-sanchez-dara-explicaciones-en-el-congreso-sobre-la-catastrofe-por-la-dana","status":"publish","type":"post","link":"https:\/\/elluchador.info\/?p=257125","title":{"rendered":"Pedro S\u00e1nchez dar\u00e1 explicaciones en el Congreso sobre la cat\u00e1strofe por la Dana"},"content":{"rendered":"\n<p>El gabinete del presidente del Gobierno espa\u00f1ol inform\u00f3 este domingo que Pedro S\u00e1nchez&nbsp;<strong>comparecer\u00e1 en el Congreso para explicar la gesti\u00f3n de las riadas del 29 de octubre<\/strong>&nbsp;que dejaron 226 muertos, en gran parte \u00abevitables\u00bb, afirm\u00f3 por su lado un ministro.<\/p>\n\n\n\n<p>\u00abEl Gobierno registrar\u00e1 ma\u00f1ana lunes en el Congreso de los Diputados una solicitud de comparecencia a petici\u00f3n propia\u00bb de S\u00e1nchez&nbsp;<strong>para \u00abinformar sobre la gesti\u00f3n del Gobierno de Espa\u00f1a\u00bb en las riadas e inundaciones<\/strong>&nbsp;en Valencia y otros puntos de Espa\u00f1a, inform\u00f3 el palacio de la Moncloa.<\/p>\n\n\n\n<p>Dado que S\u00e1nchez asistir\u00e1 esta semana a la reuni\u00f3n del G-20 en Brasil, la comparecencia podr\u00eda tener lugar en&nbsp;<strong>\u00abla sesi\u00f3n plenaria del pr\u00f3ximo d\u00eda 27 de noviembre\u00bb<\/strong>, a\u00f1adi\u00f3.<\/p>\n\n\n\n<p>El Gobierno central est\u00e1 en manos de la izquierda y el de la regi\u00f3n de Valencia en manos de la derecha, abonando el terreno a la tensi\u00f3n pol\u00edtica por la gesti\u00f3n de las riadas.<\/p>\n\n\n\n<p>El anuncio de la comparecencia de S\u00e1nchez se produce dos d\u00edas despu\u00e9s de la que protagoniz\u00f3 el viernes el presidente regional valenciano, el conservador Carlos Maz\u00f3n, en las Cortes valencianas.<\/p>\n\n\n\n<p>Maz\u00f3n, del Partido Popular, admiti\u00f3 \u00abfallos\u00bb en su gesti\u00f3n,&nbsp;<strong>pero desvi\u00f3 la culpa de los estragos causados por las riadas hacia organismos dependientes del Estado<\/strong>, como la agencia meteorol\u00f3gica (Aemet), o la que gestiona el r\u00edo J\u00facar, acus\u00e1ndolos de proporcionar una informaci\u00f3n \u00abfragmentada, inexacta y tard\u00eda\u00bb.<\/p>\n\n\n\n<p>Las autoridades regionales valencianas&nbsp;<strong>han sido muy criticadas por haber reaccionado con lentitud al peligro de las fuertes tormentas<\/strong>, tardando demasiado en pedir a la poblaci\u00f3n que se quedara en sus casas y tardando tambi\u00e9n en proporcionar ayuda cuando la situaci\u00f3n era irremediable.<\/p>\n\n\n\n<p>Por su parte, la oposici\u00f3n critica al Gobierno central&nbsp;<strong>que no asumiera la gesti\u00f3n de la emergencia&nbsp;<\/strong>y tardase en aportar medios al rescate, por c\u00e1lculos pol\u00edticos. Ante eso, el Ejecutivo responde que la administraci\u00f3n que mejor conoce el terreno es la regional y que las competencias en la materia eran suyas.<\/p>\n\n\n\n<p>Para el ministro de Transportes, \u00d3scar Puente,&nbsp;<strong>\u00abuna parte importante de los fallecimientos eran evitables\u00bb<\/strong>, asegur\u00f3 en una entrevista publicada este domingo en el diario La Vanguardia<\/p>\n\n\n\n<p>\u00abLas vidas se pod\u00edan haber salvado con un poco m\u00e1s de precauci\u00f3n, anticipaci\u00f3n y prudencia\u00bb, a\u00f1adi\u00f3, sin dar m\u00e1s detalles.<\/p>\n\n\n\n<p><strong><em>Con informaci\u00f3n de Banca y Negocios.<\/em><\/strong><\/p>\n","protected":false},"excerpt":{"rendered":"<p>El gabinete del presidente del Gobierno espa\u00f1ol inform\u00f3 este domingo que Pedro S\u00e1nchez&nbsp;comparecer\u00e1 en el Congreso para explicar la gesti\u00f3n de las riadas del 29 de octubre&nbsp;que dejaron 226 muertos, en gran parte \u00abevitables\u00bb, afirm\u00f3 por su lado un ministro. \u00abEl Gobierno registrar\u00e1 ma\u00f1ana lunes en el Congreso de los Diputados una solicitud de comparecencia [&hellip;]<\/p>\n","protected":false},"author":2,"featured_media":257124,"comment_status":"closed","ping_status":"closed","sticky":false,"template":"","format":"standard","meta":{"footnotes":""},"categories":[8],"tags":[],"class_list":{"0":"post-257125","1":"post","2":"type-post","3":"status-publish","4":"format-standard","5":"has-post-thumbnail","7":"category-internacionales"},"_links":{"self":[{"href":"https:\/\/elluchador.info\/index.php?rest_route=\/wp\/v2\/posts\/257125","targetHints":{"allow":["GET"]}}],"collection":[{"href":"https:\/\/elluchador.info\/index.php?rest_route=\/wp\/v2\/posts"}],"about":[{"href":"https:\/\/elluchador.info\/index.php?rest_route=\/wp\/v2\/types\/post"}],"author":[{"embeddable":true,"href":"https:\/\/elluchador.info\/index.php?rest_route=\/wp\/v2\/users\/2"}],"replies":[{"embeddable":true,"href":"https:\/\/elluchador.info\/index.php?rest_route=%2Fwp%2Fv2%2Fcomments&post=257125"}],"version-history":[{"count":1,"href":"https:\/\/elluchador.info\/index.php?rest_route=\/wp\/v2\/posts\/257125\/revisions"}],"predecessor-version":[{"id":257126,"href":"https:\/\/elluchador.info\/index.php?rest_route=\/wp\/v2\/posts\/257125\/revisions\/257126"}],"wp:featuredmedia":[{"embeddable":true,"href":"https:\/\/elluchador.info\/index.php?rest_route=\/wp\/v2\/media\/257124"}],"wp:attachment":[{"href":"https:\/\/elluchador.info\/index.php?rest_route=%2Fwp%2Fv2%2Fmedia&parent=257125"}],"wp:term":[{"taxonomy":"category","embeddable":true,"href":"https:\/\/elluchador.info\/index.php?rest_route=%2Fwp%2Fv2%2Fcategories&post=257125"},{"taxonomy":"post_tag","embeddable":true,"href":"https:\/\/elluchador.info\/index.php?rest_route=%2Fwp%2Fv2%2Ftags&post=257125"}],"curies":[{"name":"wp","href":"https:\/\/api.w.org\/{rel}","templated":true}]}}