{"id":257301,"date":"2024-11-19T08:06:00","date_gmt":"2024-11-19T12:06:00","guid":{"rendered":"https:\/\/elluchador.info\/?p=257301"},"modified":"2024-11-19T00:03:24","modified_gmt":"2024-11-19T04:03:24","slug":"potencialidades-de-guayana-destacan-en-la-expo-empresarial-camcaroni","status":"publish","type":"post","link":"https:\/\/elluchador.info\/?p=257301","title":{"rendered":"Potencialidades de Guayana destacan en la Expo Empresarial Camcaron\u00ed"},"content":{"rendered":"\n<p>Durante los d\u00edas 16, 17 y 18 de noviembre, la C\u00e1mara de Comercio e Industrias de Caron\u00ed (Camcaron\u00ed) celebr\u00f3 con \u00e9xito la Expo Empresarial en Ciudad Guayana, evento que reuni\u00f3 a m\u00e1s de 70 expositores, incluyendo empresarios, emprendedores y representantes de diversos sectores econ\u00f3micos.<\/p>\n\n\n\n<p>Esta actividad permiti\u00f3 mostrar las potencialidades de Guayana y del estado Bol\u00edvar a trav\u00e9s de sus productos y servicios, destacando la diversidad y riqueza de la regi\u00f3n. La Expo apost\u00f3 por la productividad local y regional, promoviendo la econom\u00eda del pa\u00eds y reafirmando el compromiso de los empresarios venezolanos con la consolidaci\u00f3n de la econom\u00eda nacional.<\/p>\n\n\n\n<p>Adem\u00e1s de la exhibici\u00f3n de productos, se llevaron a cabo conferencias donde expertos en diferentes \u00e1reas compartieron sus conocimientos y experiencias. Los temas clave abordados incluyeron innovaci\u00f3n, sostenibilidad y desarrollo econ\u00f3mico.<\/p>\n\n\n\n<p>Los asistentes a esta importante actividad tuvieron la oportunidad de establecer valiosas conexiones comerciales y explorar nuevas oportunidades de negocio, motivados por la visi\u00f3n de una productividad sostenible.<\/p>\n\n\n\n<p><strong>\u00c9xito rotundo<\/strong><br>La Expo Empresarial Camcaron\u00ed fue un \u00e9xito rotundo, destacando las fortalezas y oportunidades de Guayana y el estado Bol\u00edvar. Este evento no solo promovi\u00f3 el desarrollo econ\u00f3mico de la regi\u00f3n, sino tambi\u00e9n el crecimiento y la innovaci\u00f3n tecnol\u00f3gica.<\/p>\n\n\n\n<p>El presidente de la C\u00e1mara de Comercio del estado Bol\u00edvar, Julio D\u00edaz, expres\u00f3: \u00abQuiero felicitar a Ra\u00fal Gil Arias, presidente de Camcaron\u00ed, y a todos los que lo acompa\u00f1an, por organizar este evento, que es una vitrina de todo lo que hacemos en la regi\u00f3n y que contribuye al desarrollo econ\u00f3mico sostenible del pa\u00eds\u00bb.<\/p>\n\n\n\n<p>D\u00edaz tambi\u00e9n subray\u00f3 la importancia de la industrializaci\u00f3n y la producci\u00f3n nacional en Venezuela, con el objetivo de reducir las importaciones y aumentar las exportaciones. Resalt\u00f3 los esfuerzos realizados desde el estado Bol\u00edvar por emprendedores y empresarios que contin\u00faan creyendo en el crecimiento econ\u00f3mico del pa\u00eds.<\/p>\n\n\n\n<p><strong>Yanitza Mart\u00ednez.-<\/strong><\/p>\n","protected":false},"excerpt":{"rendered":"<p>Durante los d\u00edas 16, 17 y 18 de noviembre, la C\u00e1mara de Comercio e Industrias de Caron\u00ed (Camcaron\u00ed) celebr\u00f3 con \u00e9xito la Expo Empresarial en Ciudad Guayana, evento que reuni\u00f3 a m\u00e1s de 70 expositores, incluyendo empresarios, emprendedores y representantes de diversos sectores econ\u00f3micos. Esta actividad permiti\u00f3 mostrar las potencialidades de Guayana y del estado [&hellip;]<\/p>\n","protected":false},"author":38,"featured_media":257303,"comment_status":"closed","ping_status":"closed","sticky":false,"template":"","format":"standard","meta":{"footnotes":""},"categories":[6],"tags":[306,105],"class_list":{"0":"post-257301","1":"post","2":"type-post","3":"status-publish","4":"format-standard","5":"has-post-thumbnail","7":"category-economia","8":"tag-ciudad-bolivar","9":"tag-venezuela"},"_links":{"self":[{"href":"https:\/\/elluchador.info\/index.php?rest_route=\/wp\/v2\/posts\/257301","targetHints":{"allow":["GET"]}}],"collection":[{"href":"https:\/\/elluchador.info\/index.php?rest_route=\/wp\/v2\/posts"}],"about":[{"href":"https:\/\/elluchador.info\/index.php?rest_route=\/wp\/v2\/types\/post"}],"author":[{"embeddable":true,"href":"https:\/\/elluchador.info\/index.php?rest_route=\/wp\/v2\/users\/38"}],"replies":[{"embeddable":true,"href":"https:\/\/elluchador.info\/index.php?rest_route=%2Fwp%2Fv2%2Fcomments&post=257301"}],"version-history":[{"count":1,"href":"https:\/\/elluchador.info\/index.php?rest_route=\/wp\/v2\/posts\/257301\/revisions"}],"predecessor-version":[{"id":257304,"href":"https:\/\/elluchador.info\/index.php?rest_route=\/wp\/v2\/posts\/257301\/revisions\/257304"}],"wp:featuredmedia":[{"embeddable":true,"href":"https:\/\/elluchador.info\/index.php?rest_route=\/wp\/v2\/media\/257303"}],"wp:attachment":[{"href":"https:\/\/elluchador.info\/index.php?rest_route=%2Fwp%2Fv2%2Fmedia&parent=257301"}],"wp:term":[{"taxonomy":"category","embeddable":true,"href":"https:\/\/elluchador.info\/index.php?rest_route=%2Fwp%2Fv2%2Fcategories&post=257301"},{"taxonomy":"post_tag","embeddable":true,"href":"https:\/\/elluchador.info\/index.php?rest_route=%2Fwp%2Fv2%2Ftags&post=257301"}],"curies":[{"name":"wp","href":"https:\/\/api.w.org\/{rel}","templated":true}]}}