{"id":257368,"date":"2024-11-19T12:58:20","date_gmt":"2024-11-19T16:58:20","guid":{"rendered":"https:\/\/elluchador.info\/?p=257368"},"modified":"2024-11-19T12:58:24","modified_gmt":"2024-11-19T16:58:24","slug":"migbelis-castellanos-se-casara-el-proximo-sabado","status":"publish","type":"post","link":"https:\/\/elluchador.info\/?p=257368","title":{"rendered":"Migbelis Castellanos se casar\u00e1 el pr\u00f3ximo s\u00e1bado"},"content":{"rendered":"\n<p>Migbelis Castellanos manifest\u00f3 a finales de septiembre en una entrevista con Mezcal TV su intenci\u00f3n de casarse con su pareja antes de que nazca su hijo.<\/p>\n\n\n\n<p>\u201cTenemos planeado casarnos y estamos todav\u00eda como en eso porque han sido tantas cosas entre los s\u00edntomas y que hay d\u00edas que no me siento tan bien y que trato de hacer un quehacer y me quedo dormida en el sof\u00e1 por horas\u00bb, dijo entonces. \u00abPero para nosotros es importante que el beb\u00e9 nazca con unos pap\u00e1s que recibieron la bendici\u00f3n en la iglesia, sobre todo por las creencias de Jason\u201d.<\/p>\n\n\n\n<p>Lo que no se sab\u00eda es que la boda iba a llegar tan pronto. Y es que faltan tan solo unos d\u00edas para que la exreina de belleza venezolana y del reality show Nuestra Belleza Latina se una oficialmente con su pareja. La boda ser\u00e1 este s\u00e1bado 23 de noviembre.<\/p>\n\n\n\n<p>La tambi\u00e9n presentadora, quien supera el mill\u00f3n y medio de seguidores en Instagram, confirm\u00f3 este lunes en su programa Desiguales (Univision) la fecha de su boda.<\/p>\n\n\n\n<p>\u201cMe caso este s\u00e1bado\u201d, anunci\u00f3 emocionada la zuliana Migbelis.<br>Rumbo a su boda, la conductora estar\u00e1 compartiendo durante toda esta semana detalles de su historia de amor con Jason Unanue en el programa que produce Carlos Mesber.<\/p>\n\n\n\n<p>Este lunes, comenz\u00f3 contando a sus compa\u00f1eras c\u00f3mo fue que lo conoci\u00f3.<\/p>\n\n\n\n<p>\u201cUnivision me ofrece esta oportunidad de ir a trabajar en un evento privado como la moderadora de ceremonias de esta gala y cuando llego resulta que Jason estaba en la hora de c\u00f3ctel y yo me estaba tomando fotos con los invitados y yo lo veo a \u00e9l de lejos y me acuerdo de que lo que me llam\u00f3 la atenci\u00f3n de \u00e9l es que estaba vestido con un saco, su cabello de rizos y una cerveza en la mano, y a m\u00ed eso me pareci\u00f3 tan sexy que yo dije \u2018\u00bfqui\u00e9n es ese hombre de cerveza y saco?\u2019. A m\u00ed me llam\u00f3 mucho la atenci\u00f3n\u00bb, revel\u00f3.<\/p>\n\n\n\n<p>El flechazo entre ambos fue inmediato. \u201cDesde ese momento hicimos clic\u201d, se\u00f1al\u00f3.<\/p>\n\n\n\n<p>\u201cYo supe que era el hombre que Dios me hab\u00eda mandado a mi vida porque a la semana \u00e9l inmediatamente me dijo \u2018mira, no me tienes que decir nada, pero yo estoy interesado en conocerte m\u00e1s, si t\u00fa est\u00e1s habl\u00e1ndote con otras personas es tu decisi\u00f3n, pero yo no quiero conocer a m\u00e1s nadie\u2019. Nunca un chico me hab\u00eda dicho algo as\u00ed\u201d, asever\u00f3 la presentadora.<\/p>\n\n\n\n<p>Con informaci\u00f3n de <strong>agencias.-<\/strong><\/p>\n","protected":false},"excerpt":{"rendered":"<p>Migbelis Castellanos manifest\u00f3 a finales de septiembre en una entrevista con Mezcal TV su intenci\u00f3n de casarse con su pareja antes de que nazca su hijo. \u201cTenemos planeado casarnos y estamos todav\u00eda como en eso porque han sido tantas cosas entre los s\u00edntomas y que hay d\u00edas que no me siento tan bien y que [&hellip;]<\/p>\n","protected":false},"author":38,"featured_media":257369,"comment_status":"closed","ping_status":"closed","sticky":false,"template":"","format":"standard","meta":{"footnotes":""},"categories":[7],"tags":[448,105],"class_list":{"0":"post-257368","1":"post","2":"type-post","3":"status-publish","4":"format-standard","5":"has-post-thumbnail","7":"category-entretenimiento","8":"tag-mundo","9":"tag-venezuela"},"_links":{"self":[{"href":"https:\/\/elluchador.info\/index.php?rest_route=\/wp\/v2\/posts\/257368","targetHints":{"allow":["GET"]}}],"collection":[{"href":"https:\/\/elluchador.info\/index.php?rest_route=\/wp\/v2\/posts"}],"about":[{"href":"https:\/\/elluchador.info\/index.php?rest_route=\/wp\/v2\/types\/post"}],"author":[{"embeddable":true,"href":"https:\/\/elluchador.info\/index.php?rest_route=\/wp\/v2\/users\/38"}],"replies":[{"embeddable":true,"href":"https:\/\/elluchador.info\/index.php?rest_route=%2Fwp%2Fv2%2Fcomments&post=257368"}],"version-history":[{"count":1,"href":"https:\/\/elluchador.info\/index.php?rest_route=\/wp\/v2\/posts\/257368\/revisions"}],"predecessor-version":[{"id":257370,"href":"https:\/\/elluchador.info\/index.php?rest_route=\/wp\/v2\/posts\/257368\/revisions\/257370"}],"wp:featuredmedia":[{"embeddable":true,"href":"https:\/\/elluchador.info\/index.php?rest_route=\/wp\/v2\/media\/257369"}],"wp:attachment":[{"href":"https:\/\/elluchador.info\/index.php?rest_route=%2Fwp%2Fv2%2Fmedia&parent=257368"}],"wp:term":[{"taxonomy":"category","embeddable":true,"href":"https:\/\/elluchador.info\/index.php?rest_route=%2Fwp%2Fv2%2Fcategories&post=257368"},{"taxonomy":"post_tag","embeddable":true,"href":"https:\/\/elluchador.info\/index.php?rest_route=%2Fwp%2Fv2%2Ftags&post=257368"}],"curies":[{"name":"wp","href":"https:\/\/api.w.org\/{rel}","templated":true}]}}