{"id":257383,"date":"2024-11-19T15:24:12","date_gmt":"2024-11-19T19:24:12","guid":{"rendered":"https:\/\/elluchador.info\/?p=257383"},"modified":"2024-11-19T15:24:15","modified_gmt":"2024-11-19T19:24:15","slug":"foro-penal-ha-registrado-y-verificado-la-excarcelacion-de-143-detenidos-por-razones-politicas","status":"publish","type":"post","link":"https:\/\/elluchador.info\/?p=257383","title":{"rendered":"Foro Penal ha registrado y verificado la excarcelaci\u00f3n de 143 detenidos por razones pol\u00edticas"},"content":{"rendered":"\n<p>El presidente de la ONG Foro Penal, Alfredo Romero, inform\u00f3 en horas de la noche de este lunes 18-Nov, que ha registrado y verificado la excarcelaci\u00f3n de 143 personas vinculadas a las protestas poselectorales en el pa\u00eds.<\/p>\n\n\n\n<p>A trav\u00e9s de su cuenta en la red social Instagram, indic\u00f3 que, del total de liberados, que han podido documentar, 10 son menores de edad y 133 son adultos (cinco mujeres y 128 hombres).<\/p>\n\n\n\n<p>Romero, comparti\u00f3 un video de la c\u00e1rcel Yare III, en el estado Miranda, en la que indic\u00f3 que los familiares pasan las noches a las afueras del recinto penitenciario a la espera de que se den m\u00e1s liberaciones.<\/p>\n\n\n\n<p>Durante el fin de semana hubo varias excarcelaciones en c\u00e1rceles del pa\u00eds, tras una revisi\u00f3n solicitada por el Ministerio P\u00fablico (MP) de los casos de detenidos tras las elecciones del 28-Jul.<\/p>\n\n\n\n<p>Con informaci\u00f3n de <strong>agencias.-<\/strong><\/p>\n","protected":false},"excerpt":{"rendered":"<p>El presidente de la ONG Foro Penal, Alfredo Romero, inform\u00f3 en horas de la noche de este lunes 18-Nov, que ha registrado y verificado la excarcelaci\u00f3n de 143 personas vinculadas a las protestas poselectorales en el pa\u00eds. A trav\u00e9s de su cuenta en la red social Instagram, indic\u00f3 que, del total de liberados, que han [&hellip;]<\/p>\n","protected":false},"author":38,"featured_media":257384,"comment_status":"closed","ping_status":"closed","sticky":false,"template":"","format":"standard","meta":{"footnotes":""},"categories":[11],"tags":[105],"class_list":{"0":"post-257383","1":"post","2":"type-post","3":"status-publish","4":"format-standard","5":"has-post-thumbnail","7":"category-politica","8":"tag-venezuela"},"_links":{"self":[{"href":"https:\/\/elluchador.info\/index.php?rest_route=\/wp\/v2\/posts\/257383","targetHints":{"allow":["GET"]}}],"collection":[{"href":"https:\/\/elluchador.info\/index.php?rest_route=\/wp\/v2\/posts"}],"about":[{"href":"https:\/\/elluchador.info\/index.php?rest_route=\/wp\/v2\/types\/post"}],"author":[{"embeddable":true,"href":"https:\/\/elluchador.info\/index.php?rest_route=\/wp\/v2\/users\/38"}],"replies":[{"embeddable":true,"href":"https:\/\/elluchador.info\/index.php?rest_route=%2Fwp%2Fv2%2Fcomments&post=257383"}],"version-history":[{"count":1,"href":"https:\/\/elluchador.info\/index.php?rest_route=\/wp\/v2\/posts\/257383\/revisions"}],"predecessor-version":[{"id":257385,"href":"https:\/\/elluchador.info\/index.php?rest_route=\/wp\/v2\/posts\/257383\/revisions\/257385"}],"wp:featuredmedia":[{"embeddable":true,"href":"https:\/\/elluchador.info\/index.php?rest_route=\/wp\/v2\/media\/257384"}],"wp:attachment":[{"href":"https:\/\/elluchador.info\/index.php?rest_route=%2Fwp%2Fv2%2Fmedia&parent=257383"}],"wp:term":[{"taxonomy":"category","embeddable":true,"href":"https:\/\/elluchador.info\/index.php?rest_route=%2Fwp%2Fv2%2Fcategories&post=257383"},{"taxonomy":"post_tag","embeddable":true,"href":"https:\/\/elluchador.info\/index.php?rest_route=%2Fwp%2Fv2%2Ftags&post=257383"}],"curies":[{"name":"wp","href":"https:\/\/api.w.org\/{rel}","templated":true}]}}