{"id":257439,"date":"2024-11-20T09:45:00","date_gmt":"2024-11-20T13:45:00","guid":{"rendered":"https:\/\/elluchador.info\/?p=257439"},"modified":"2024-11-20T09:23:31","modified_gmt":"2024-11-20T13:23:31","slug":"unesr-llevo-a-cabo-el-simposio-pensamiento-estrategico-un-camino-hacia-el-exito","status":"publish","type":"post","link":"https:\/\/elluchador.info\/?p=257439","title":{"rendered":"Unesr llev\u00f3 a cabo el simposio \u00abPensamiento estrat\u00e9gico: Un camino hacia el \u00e9xito\u201d"},"content":{"rendered":"\n<p>Organizado por los maestrantes en Gerencia Estrat\u00e9gica de las cohortes V y VI de la UNESR, este evento acad\u00e9mico tuvo como objetivo analizar en profundidad las distintas escuelas del pensamiento estrat\u00e9gico propuestas por el reconocido experto Henry Mintzberg.<\/p>\n\n\n\n<p>Un total de 40 profesionales asistieron a este evento donde destacados ponentes exploraron las ventajas, limitaciones e implicaciones de cada una de las escuelas del pensamiento estrat\u00e9gico. Los asistentes tuvieron la oportunidad de conocer diferentes enfoques y perspectivas sobre la formulaci\u00f3n e implementaci\u00f3n de estrategias empresariales, adem\u00e1s de visualizar casos de organizaciones reales que implementan estas escuelas como factor de \u00e9xito.<\/p>\n\n\n\n<p>El cierre de las ponencias en este evento estuvo a cargo de la Dra. Jeannette G\u00fcipe, docente del curso Modelos Estrat\u00e9gicos, donde manifest\u00f3: \u201cCon este tipo de actividades estamos rompiendo los paradigmas de la educaci\u00f3n tradicional, al llevar a estos Maestrantes a desarrollar habilidades y competencias en el mundo real, fuera de las aulas\u201d.<br>Los maestrantes hab\u00edan participado en el Seminario Internacional \u201cLa Planificaci\u00f3n Estrat\u00e9gica como Motor de Transformaci\u00f3n: Desaf\u00edos y Oportunidades en un Mundo Cambiante\u201d el pasado 26 de octubre, con ponentes internacionales, nacional y regional.<\/p>\n\n\n\n<p>Ing. Emily Mendoza, maestrante y ponente del programa, explic\u00f3 que: \u201cpara dejar registro de todas las actividades, de alto contenido acad\u00e9mico, adem\u00e1s de divulgar permanentemente informaci\u00f3n en esta materia, este grupo de maestrantes decidimos abrir las redes sociales en Instagram y Facebook @gerenciaconestrategia\u201d, la cual invit\u00f3 a seguir a todos los interesados.<\/p>\n\n\n\n<p>La Dra. Divina Molina, subdirectora de Postgrado y Educaci\u00f3n Avanzada de la UNESR, y la MSc. Rosal\u00eda Garc\u00eda, coordinadora de la Maestr\u00eda en Gerencia Estrat\u00e9gica, expresaron que con esta actividad, la UNESR reafirma su compromiso con la excelencia acad\u00e9mica y la formaci\u00f3n de l\u00edderes capaces de enfrentar los desaf\u00edos del mundo empresarial actual. <\/p>\n\n\n\n<p><strong><em><mark style=\"background-color:rgba(0, 0, 0, 0)\" class=\"has-inline-color has-vivid-green-cyan-color\">Redacci\u00f3n<\/mark><\/em><\/strong><\/p>\n","protected":false},"excerpt":{"rendered":"<p>Organizado por los maestrantes en Gerencia Estrat\u00e9gica de las cohortes V y VI de la UNESR, este evento acad\u00e9mico tuvo como objetivo analizar en profundidad las distintas escuelas del pensamiento estrat\u00e9gico propuestas por el reconocido experto Henry Mintzberg. Un total de 40 profesionales asistieron a este evento donde destacados ponentes exploraron las ventajas, limitaciones e [&hellip;]<\/p>\n","protected":false},"author":33,"featured_media":257440,"comment_status":"closed","ping_status":"closed","sticky":false,"template":"","format":"standard","meta":{"footnotes":""},"categories":[2],"tags":[185,306],"class_list":{"0":"post-257439","1":"post","2":"type-post","3":"status-publish","4":"format-standard","5":"has-post-thumbnail","7":"category-comunidad","8":"tag-bolivar","9":"tag-ciudad-bolivar"},"_links":{"self":[{"href":"https:\/\/elluchador.info\/index.php?rest_route=\/wp\/v2\/posts\/257439","targetHints":{"allow":["GET"]}}],"collection":[{"href":"https:\/\/elluchador.info\/index.php?rest_route=\/wp\/v2\/posts"}],"about":[{"href":"https:\/\/elluchador.info\/index.php?rest_route=\/wp\/v2\/types\/post"}],"author":[{"embeddable":true,"href":"https:\/\/elluchador.info\/index.php?rest_route=\/wp\/v2\/users\/33"}],"replies":[{"embeddable":true,"href":"https:\/\/elluchador.info\/index.php?rest_route=%2Fwp%2Fv2%2Fcomments&post=257439"}],"version-history":[{"count":1,"href":"https:\/\/elluchador.info\/index.php?rest_route=\/wp\/v2\/posts\/257439\/revisions"}],"predecessor-version":[{"id":257441,"href":"https:\/\/elluchador.info\/index.php?rest_route=\/wp\/v2\/posts\/257439\/revisions\/257441"}],"wp:featuredmedia":[{"embeddable":true,"href":"https:\/\/elluchador.info\/index.php?rest_route=\/wp\/v2\/media\/257440"}],"wp:attachment":[{"href":"https:\/\/elluchador.info\/index.php?rest_route=%2Fwp%2Fv2%2Fmedia&parent=257439"}],"wp:term":[{"taxonomy":"category","embeddable":true,"href":"https:\/\/elluchador.info\/index.php?rest_route=%2Fwp%2Fv2%2Fcategories&post=257439"},{"taxonomy":"post_tag","embeddable":true,"href":"https:\/\/elluchador.info\/index.php?rest_route=%2Fwp%2Fv2%2Ftags&post=257439"}],"curies":[{"name":"wp","href":"https:\/\/api.w.org\/{rel}","templated":true}]}}