{"id":257555,"date":"2024-11-21T10:55:51","date_gmt":"2024-11-21T14:55:51","guid":{"rendered":"https:\/\/elluchador.info\/?p=257555"},"modified":"2024-11-21T10:58:03","modified_gmt":"2024-11-21T14:58:03","slug":"oviedo-reivindicamos-a-san-felix-como-la-gran-capital-de-ciudad-guayana","status":"publish","type":"post","link":"https:\/\/elluchador.info\/?p=257555","title":{"rendered":"Oviedo: Reivindicamos a San F\u00e9lix como la gran capital de Ciudad Guayana"},"content":{"rendered":"\n<p>Con veneraci\u00f3n a la Inmaculada Concepci\u00f3n, la celebraci\u00f3n de la Eucarist\u00eda adyacente a la Iglesia de la Pur\u00edsima Concepci\u00f3n del Caron\u00ed y una sesi\u00f3n especial de la C\u00e1mara Municipal, se celebraron este mi\u00e9rcoles los 300 a\u00f1os de las Misiones del Caron\u00ed.<\/p>\n\n\n\n<p>El alcalde del municipio, Tito Oviedo, fue designado orador de orden por el Concejo Municipal, quien destac\u00f3 c\u00f3mo los inicios de San F\u00e9lix se remontan a la estancia de los padres capuchinos en la Misiones del Caron\u00ed.<br>\u00ab300 a\u00f1os despu\u00e9s nos tiene que tomar muy conscientes el papel extraordinario que tiene esta regi\u00f3n, esta tierra de la que somos hijos y a la que nos debemos: San F\u00e9lix y toda Ciudad Guayana\u00bb, dijo Oviedo.<\/p>\n\n\n\n<p>En un recorrido detallado por hechos espec\u00edficos y muy emblem\u00e1ticos de la historia, el alcalde de Caron\u00ed abog\u00f3 por el reconocimiento de esta antig\u00fcedad para Ciudad Guayana partiendo de los cimientos que le dieron origen.<\/p>\n\n\n\n<p>\u00abSe deber\u00eda celebrar aqu\u00ed los inicios de la actividad minera y el procesamiento del hierro en Guayana\u00bb(&#8230;) \u00abEste es un d\u00eda de acuerdo, de consenso para investigar, siempre hay un punto coincidente del cual partir\u00bb, se\u00f1al\u00f3.<\/p>\n\n\n\n<p><strong>Tierra productiva<\/strong><\/p>\n\n\n\n<p>Tito Oviedo tambi\u00e9n se refiri\u00f3 a la actividad agropecuaria de los siglos XVIII y XIX, sobre la cual los historiadores relatan en detalle.<\/p>\n\n\n\n<p>\u00ab300 a\u00f1os despu\u00e9s rescatemos en San F\u00e9lix esa historia precursora de productividad de un gran pueblo, 300 a\u00f1os en el que se encontraron formas de pensar distinto, ind\u00edgenas que ten\u00edan creencias ancestrales, africanos tra\u00eddos como esclavos, los capuchinos catalanes (&#8230;) esta historia de lucha, de liberaci\u00f3n que tambi\u00e9n hemos tenido y de encuentros\u00bb.<\/p>\n\n\n\n<p>El alcalde de Caron\u00ed manifest\u00f3 su disposici\u00f3n para trabajar por las Ruinas del Caron\u00ed como Patrimonio de la regi\u00f3n y darle la importancia que merece, entre las acciones mencionadas est\u00e1 el incluirla en las rutas tur\u00edsticas permanentes de la ciudad.<\/p>\n\n\n\n<p><strong><em>Prensa Alcald\u00eda de Caron\u00ed<\/em><\/strong><\/p>\n","protected":false},"excerpt":{"rendered":"<p>Con veneraci\u00f3n a la Inmaculada Concepci\u00f3n, la celebraci\u00f3n de la Eucarist\u00eda adyacente a la Iglesia de la Pur\u00edsima Concepci\u00f3n del Caron\u00ed y una sesi\u00f3n especial de la C\u00e1mara Municipal, se celebraron este mi\u00e9rcoles los 300 a\u00f1os de las Misiones del Caron\u00ed. El alcalde del municipio, Tito Oviedo, fue designado orador de orden por el Concejo [&hellip;]<\/p>\n","protected":false},"author":2,"featured_media":257554,"comment_status":"closed","ping_status":"closed","sticky":false,"template":"","format":"standard","meta":{"footnotes":""},"categories":[5,12],"tags":[],"class_list":{"0":"post-257555","1":"post","2":"type-post","3":"status-publish","4":"format-standard","5":"has-post-thumbnail","7":"category-destacado","8":"category-regionales"},"_links":{"self":[{"href":"https:\/\/elluchador.info\/index.php?rest_route=\/wp\/v2\/posts\/257555","targetHints":{"allow":["GET"]}}],"collection":[{"href":"https:\/\/elluchador.info\/index.php?rest_route=\/wp\/v2\/posts"}],"about":[{"href":"https:\/\/elluchador.info\/index.php?rest_route=\/wp\/v2\/types\/post"}],"author":[{"embeddable":true,"href":"https:\/\/elluchador.info\/index.php?rest_route=\/wp\/v2\/users\/2"}],"replies":[{"embeddable":true,"href":"https:\/\/elluchador.info\/index.php?rest_route=%2Fwp%2Fv2%2Fcomments&post=257555"}],"version-history":[{"count":1,"href":"https:\/\/elluchador.info\/index.php?rest_route=\/wp\/v2\/posts\/257555\/revisions"}],"predecessor-version":[{"id":257556,"href":"https:\/\/elluchador.info\/index.php?rest_route=\/wp\/v2\/posts\/257555\/revisions\/257556"}],"wp:featuredmedia":[{"embeddable":true,"href":"https:\/\/elluchador.info\/index.php?rest_route=\/wp\/v2\/media\/257554"}],"wp:attachment":[{"href":"https:\/\/elluchador.info\/index.php?rest_route=%2Fwp%2Fv2%2Fmedia&parent=257555"}],"wp:term":[{"taxonomy":"category","embeddable":true,"href":"https:\/\/elluchador.info\/index.php?rest_route=%2Fwp%2Fv2%2Fcategories&post=257555"},{"taxonomy":"post_tag","embeddable":true,"href":"https:\/\/elluchador.info\/index.php?rest_route=%2Fwp%2Fv2%2Ftags&post=257555"}],"curies":[{"name":"wp","href":"https:\/\/api.w.org\/{rel}","templated":true}]}}