{"id":258032,"date":"2024-11-25T18:09:51","date_gmt":"2024-11-25T22:09:51","guid":{"rendered":"https:\/\/elluchador.info\/?p=258032"},"modified":"2024-11-25T18:55:40","modified_gmt":"2024-11-25T22:55:40","slug":"gobernador-angel-marcano-anuncio-rehabilitacion-de-mas-obras-en-ciudad-bolivar","status":"publish","type":"post","link":"https:\/\/elluchador.info\/?p=258032","title":{"rendered":"Gobernador \u00c1ngel Marcano anunci\u00f3 la rehabilitaci\u00f3n de obras en Ciudad Bol\u00edvar"},"content":{"rendered":"\n<p>Durante su programa radial \u201c\u00c1ngel Marcano Hoy\u201d n\u00famero 126, realizado en el altar de la patria, Ciudad Bol\u00edvar, el gobernador \u00c1ngel Marcano asever\u00f3 que con voluntad y compromiso siguen trabajando para garantizar bienestar, buen vivir y la masificaci\u00f3n del deporte en el estado Bol\u00edvar.<\/p>\n\n\n\n<p>Desde el sal\u00f3n Manuel Piar del Palacio de Gobierno, el mandatario regional realiz\u00f3 su acostumbrado programa transmitido por cadena radial y a trav\u00e9s de las plataformas digitales @vamosconmarcano v\u00eda Instagram y por Tiktok a trav\u00e9s de la cuenta @amarcanopsuv.<\/p>\n\n\n\n<p>En esta oportunidad, estuvo acompa\u00f1ado por Sergio Hern\u00e1ndez, alcalde de Angostura del Orinoco, Patricia Cabrera, presidenta de Inviobras, Omar Goudett, presidente de Idebol, atletas bolivarenses que destacaron en los Juegos Nacionales, diputados a la Asamblea Nacional, diputados del Consejo Legislativo del estado Bol\u00edvar (Cleb), secretarios y directores de la Gobernaci\u00f3n de Bol\u00edvar, as\u00ed como directores ministeriales y el poder popular.<\/p>\n\n\n\n<figure class=\"wp-block-image size-large\"><img loading=\"lazy\" decoding=\"async\" width=\"1024\" height=\"683\" src=\"https:\/\/elluchador.info\/wp-content\/uploads\/2024\/11\/2-programa-25-1024x683.jpg\" alt=\"\" class=\"wp-image-258034\" srcset=\"https:\/\/elluchador.info\/wp-content\/uploads\/2024\/11\/2-programa-25-1024x683.jpg 1024w, https:\/\/elluchador.info\/wp-content\/uploads\/2024\/11\/2-programa-25-300x200.jpg 300w, https:\/\/elluchador.info\/wp-content\/uploads\/2024\/11\/2-programa-25-768x512.jpg 768w, https:\/\/elluchador.info\/wp-content\/uploads\/2024\/11\/2-programa-25-1536x1024.jpg 1536w, https:\/\/elluchador.info\/wp-content\/uploads\/2024\/11\/2-programa-25-2048x1365.jpg 2048w, https:\/\/elluchador.info\/wp-content\/uploads\/2024\/11\/2-programa-25-150x100.jpg 150w, https:\/\/elluchador.info\/wp-content\/uploads\/2024\/11\/2-programa-25-696x464.jpg 696w, https:\/\/elluchador.info\/wp-content\/uploads\/2024\/11\/2-programa-25-1068x712.jpg 1068w, https:\/\/elluchador.info\/wp-content\/uploads\/2024\/11\/2-programa-25-1920x1280.jpg 1920w\" sizes=\"auto, (max-width: 1024px) 100vw, 1024px\" \/><figcaption class=\"wp-element-caption\"><strong>L\u00edder regional anunci\u00f3 la rehabilitaci\u00f3n de m\u00e1s obras sociales en Angostura del Orinoco<\/strong><\/figcaption><\/figure>\n\n\n\n<p>Marcano reconoci\u00f3 el trabajo, esfuerzo y disciplina de los atletas bolivarenses que dejaron al estado Bol\u00edvar en alto durante los Juegos Nacionales. \u201cMuchachos, ustedes son orgullo de este pueblo, el estado Bol\u00edvar est\u00e1 entre los 10 mejores de los Juegos Nacionales de Oriente 2024, con 15 medallas, 8 de oro, 4 de plata y 3 de bronce, un logro que nos motiva a seguir generando pol\u00edticas para masificar y fortalecer el deporte\u201d.<\/p>\n\n\n\n<p><strong>Bienestar de atletas<\/strong><\/p>\n\n\n\n<p>El Gobernador asegur\u00f3 que el trabajo por el bienestar de los atletas y del pueblo bolivarense no se detendr\u00e1. Refiri\u00f3 que gracias a las pol\u00edticas del Buen Gobierno del presidente Nicol\u00e1s Maduro se han consolidado m\u00e1s de 35 obras sociales que garantizan el vivir bien.<\/p>\n\n\n\n<p>\u201cHablar de calidad deportiva, es contarles que estamos haciendo todo lo posible para que nuestros atletas tengan espacios para sus pr\u00e1cticas en las diferentes disciplinas\u201d. Destac\u00f3, Marcano.<\/p>\n\n\n<div class=\"wp-block-image\">\n<figure class=\"aligncenter size-large is-resized\"><img loading=\"lazy\" decoding=\"async\" width=\"1024\" height=\"683\" src=\"https:\/\/elluchador.info\/wp-content\/uploads\/2024\/11\/3-programa-25-1024x683.jpg\" alt=\"\" class=\"wp-image-258035\" style=\"width:660px;height:auto\" srcset=\"https:\/\/elluchador.info\/wp-content\/uploads\/2024\/11\/3-programa-25-1024x683.jpg 1024w, https:\/\/elluchador.info\/wp-content\/uploads\/2024\/11\/3-programa-25-300x200.jpg 300w, https:\/\/elluchador.info\/wp-content\/uploads\/2024\/11\/3-programa-25-768x512.jpg 768w, https:\/\/elluchador.info\/wp-content\/uploads\/2024\/11\/3-programa-25-1536x1024.jpg 1536w, https:\/\/elluchador.info\/wp-content\/uploads\/2024\/11\/3-programa-25-2048x1365.jpg 2048w, https:\/\/elluchador.info\/wp-content\/uploads\/2024\/11\/3-programa-25-150x100.jpg 150w, https:\/\/elluchador.info\/wp-content\/uploads\/2024\/11\/3-programa-25-696x464.jpg 696w, https:\/\/elluchador.info\/wp-content\/uploads\/2024\/11\/3-programa-25-1068x712.jpg 1068w, https:\/\/elluchador.info\/wp-content\/uploads\/2024\/11\/3-programa-25-1920x1280.jpg 1920w\" sizes=\"auto, (max-width: 1024px) 100vw, 1024px\" \/><figcaption class=\"wp-element-caption\"><strong>Marcano agradeci\u00f3 al presidente Nicol\u00e1s Maduro por el apoyo para la consolidaci\u00f3n de un estado productivo<\/strong><\/figcaption><\/figure>\n<\/div>\n\n\n<p>Inform\u00f3 que desde la Gobernaci\u00f3n est\u00e1n en la rehabilitaci\u00f3n de muchas obras deportivas, entre ellas, el Complejo de Piscinas Ol\u00edmpicas que est\u00e1 en su fase final, y en los pr\u00f3ximos d\u00edas ser\u00e1 entregada al pueblo. \u201cHemos recuperado 150 chanchas de esos m\u00faltiples en los 11 municipios del estado Bol\u00edvar\u201d.<\/p>\n\n\n\n<p><strong>Salud de calidad<\/strong><\/p>\n\n\n\n<p>Durante la transmisi\u00f3n del programa radial, Marcano, habl\u00f3 de la recuperaci\u00f3n del Hospital Universitario Ru\u00edz y P\u00e1ez, haciendo \u00e9nfasis en la Unidad de Quemados, la cual qued\u00f3 totalmente remozada, y el \u00e1rea de traumatolog\u00eda que recibi\u00f3 atenci\u00f3n en los quir\u00f3fanos de cirug\u00eda menor, hospitalizaci\u00f3n, ba\u00f1os, enfermer\u00eda, sal\u00f3n de postgrado y oficinas.<\/p>\n\n\n\n<p>Tambi\u00e9n coment\u00f3 de los trabajos ejecutados en el \u00e1rea de urolog\u00eda y la Unidad de Fisiatr\u00eda, que recibe a 70 pacientes todos los d\u00edas, consultas de traumatolog\u00eda y neonatolog\u00eda, Unidad de Hemodi\u00e1lisis, espacio que atiende a 60 pacientes diarios y la oficina central de citas.<\/p>\n\n\n<div class=\"wp-block-image\">\n<figure class=\"aligncenter size-large is-resized\"><img loading=\"lazy\" decoding=\"async\" width=\"1024\" height=\"683\" src=\"https:\/\/elluchador.info\/wp-content\/uploads\/2024\/11\/4-programa-25-1024x683.jpg\" alt=\"\" class=\"wp-image-258036\" style=\"width:601px;height:auto\" srcset=\"https:\/\/elluchador.info\/wp-content\/uploads\/2024\/11\/4-programa-25-1024x683.jpg 1024w, https:\/\/elluchador.info\/wp-content\/uploads\/2024\/11\/4-programa-25-300x200.jpg 300w, https:\/\/elluchador.info\/wp-content\/uploads\/2024\/11\/4-programa-25-768x512.jpg 768w, https:\/\/elluchador.info\/wp-content\/uploads\/2024\/11\/4-programa-25-1536x1024.jpg 1536w, https:\/\/elluchador.info\/wp-content\/uploads\/2024\/11\/4-programa-25-2048x1365.jpg 2048w, https:\/\/elluchador.info\/wp-content\/uploads\/2024\/11\/4-programa-25-150x100.jpg 150w, https:\/\/elluchador.info\/wp-content\/uploads\/2024\/11\/4-programa-25-696x464.jpg 696w, https:\/\/elluchador.info\/wp-content\/uploads\/2024\/11\/4-programa-25-1068x712.jpg 1068w, https:\/\/elluchador.info\/wp-content\/uploads\/2024\/11\/4-programa-25-1920x1280.jpg 1920w\" sizes=\"auto, (max-width: 1024px) 100vw, 1024px\" \/><figcaption class=\"wp-element-caption\"><strong>Mandatario regional asegur\u00f3 que Bol\u00edvar se convertir\u00e1 en una potencia deportiva<\/strong><\/figcaption><\/figure>\n<\/div>\n\n\n<p>El mandatario regional expuso los avances de la Unidad de Radioterapia y Medicina Nuclear \u201cVirgen del Valle\u201d, que brindar\u00e1 mejor calidad de vida a los pacientes con patolog\u00edas oncol\u00f3gicas. \u201cEn est\u00e1s instalaciones hemos rehabilitado los techos, puertas, pintura, as\u00ed como la iluminaci\u00f3n de los espacios donde funcionar\u00e1 el tom\u00f3grafo, el acelerador lineal, entre otros equipos de alta tecnolog\u00eda\u201d, indic\u00f3, Marcano.<\/p>\n\n\n\n<p><strong>M\u00e1s obras para el pueblo<\/strong><\/p>\n\n\n\n<p>Por su parte, Patricia Cabrera, presidenta de Inviobras, dio un resumen de las obras que ejecuta la gesti\u00f3n \u00c1ngel Marcano en el estado Bol\u00edvar, con el objetivo de brindar bienestar, protecci\u00f3n, seguridad social y el vivir bien del bolivarense.<\/p>\n\n\n\n<p>Dijo que gracias a la articulaci\u00f3n con el Gobierno del presidente Nicol\u00e1s Maduro, la Gobernaci\u00f3n de Bol\u00edvar ha rehabilitado m\u00e1s de 900 centros educativos, de la mano de las Bricomiles.<\/p>\n\n\n\n<p>Asegur\u00f3 que arranc\u00f3 el Plan de Recuperaci\u00f3n de Viviendas y la activaci\u00f3n de los trabajadores en el urbanismo El Gigante, obra de la Gran Misi\u00f3n Vivienda Venezuela, en el municipio Angostura del Orinoco. \u201cEstamos iniciando los trabajos de rehabilitaci\u00f3n de los gimnasios de Esgrima y de Judo, tambi\u00e9n, un trabajo de recuperaci\u00f3n del Boris Planchart, obras que vienen a fortalecer el deporte en el estado Bol\u00edvar\u201d.<\/p>\n\n\n\n<p><strong>Estado comunal<\/strong><\/p>\n\n\n\n<p>Lorenzo Mart\u00ednez, miembro del equipo pol\u00edtico del PSUV Bol\u00edvar, reconoci\u00f3 el trabajo del gobernador \u00c1ngel Marcano, y habl\u00f3 sobre el proceso electoral que se aproxima para la elecci\u00f3n de los jueces de paz comunal.<\/p>\n\n\n\n<p>Aprovech\u00f3 para convocar a los interesados, quienes deben ser mayores de 25 a\u00f1os de edad, tener m\u00ednimo tres a\u00f1os de residencia en la comunidad y no tener antecedentes legales.<\/p>\n\n\n<div class=\"wp-block-image\">\n<figure class=\"aligncenter size-large is-resized\"><img loading=\"lazy\" decoding=\"async\" width=\"1024\" height=\"683\" src=\"https:\/\/elluchador.info\/wp-content\/uploads\/2024\/11\/5-programa-25-1024x683.jpg\" alt=\"\" class=\"wp-image-258037\" style=\"width:620px;height:auto\" srcset=\"https:\/\/elluchador.info\/wp-content\/uploads\/2024\/11\/5-programa-25-1024x683.jpg 1024w, https:\/\/elluchador.info\/wp-content\/uploads\/2024\/11\/5-programa-25-300x200.jpg 300w, https:\/\/elluchador.info\/wp-content\/uploads\/2024\/11\/5-programa-25-768x512.jpg 768w, https:\/\/elluchador.info\/wp-content\/uploads\/2024\/11\/5-programa-25-1536x1024.jpg 1536w, https:\/\/elluchador.info\/wp-content\/uploads\/2024\/11\/5-programa-25-2048x1365.jpg 2048w, https:\/\/elluchador.info\/wp-content\/uploads\/2024\/11\/5-programa-25-150x100.jpg 150w, https:\/\/elluchador.info\/wp-content\/uploads\/2024\/11\/5-programa-25-696x464.jpg 696w, https:\/\/elluchador.info\/wp-content\/uploads\/2024\/11\/5-programa-25-1068x712.jpg 1068w, https:\/\/elluchador.info\/wp-content\/uploads\/2024\/11\/5-programa-25-1920x1280.jpg 1920w\" sizes=\"auto, (max-width: 1024px) 100vw, 1024px\" \/><figcaption class=\"wp-element-caption\"><strong>Convocaron a interesados a la consulta de jueces de paz comunal<\/strong><\/figcaption><\/figure>\n<\/div>\n\n\n<p>Asegur\u00f3 que los jueces de paz ser\u00e1n los intermediarios de la soluci\u00f3n de conflictos civiles, al tiempo que destac\u00f3 que el juez principal recibir\u00e1 inducci\u00f3n del Tribunal Supremo de Justicia (TSJ) y del Ministerio del Poder Popular para las Comunas.<\/p>\n\n\n\n<p><strong>Trabajo en unidad<\/strong><\/p>\n\n\n\n<p>En su intervenci\u00f3n, el alcalde Sergio Hern\u00e1ndez reconoci\u00f3 el trabajo del gobernador \u00c1ngel Marcano en la consolidaci\u00f3n de un estado Bol\u00edvar altamente productivo. \u201cEn Ciudad Bol\u00edvar estamos trabajando en completa unidad por nuestro pueblo, aqu\u00ed lo que se evidencia son obras de gran envergadura para nuestra gente\u201d.<\/p>\n\n\n\n<p><strong><em><mark style=\"background-color:rgba(0, 0, 0, 0)\" class=\"has-inline-color has-vivid-red-color\">Prensa Gobernaci\u00f3n de Bol\u00edvar<\/mark><\/em><\/strong><\/p>\n","protected":false},"excerpt":{"rendered":"<p>Durante su programa radial \u201c\u00c1ngel Marcano Hoy\u201d n\u00famero 126, realizado en el altar de la patria, Ciudad Bol\u00edvar, el gobernador \u00c1ngel Marcano asever\u00f3 que con voluntad y compromiso siguen trabajando para garantizar bienestar, buen vivir y la masificaci\u00f3n del deporte en el estado Bol\u00edvar. Desde el sal\u00f3n Manuel Piar del Palacio de Gobierno, el mandatario [&hellip;]<\/p>\n","protected":false},"author":33,"featured_media":258038,"comment_status":"closed","ping_status":"closed","sticky":false,"template":"","format":"standard","meta":{"footnotes":""},"categories":[5,12],"tags":[185],"class_list":{"0":"post-258032","1":"post","2":"type-post","3":"status-publish","4":"format-standard","5":"has-post-thumbnail","7":"category-destacado","8":"category-regionales","9":"tag-bolivar"},"_links":{"self":[{"href":"https:\/\/elluchador.info\/index.php?rest_route=\/wp\/v2\/posts\/258032","targetHints":{"allow":["GET"]}}],"collection":[{"href":"https:\/\/elluchador.info\/index.php?rest_route=\/wp\/v2\/posts"}],"about":[{"href":"https:\/\/elluchador.info\/index.php?rest_route=\/wp\/v2\/types\/post"}],"author":[{"embeddable":true,"href":"https:\/\/elluchador.info\/index.php?rest_route=\/wp\/v2\/users\/33"}],"replies":[{"embeddable":true,"href":"https:\/\/elluchador.info\/index.php?rest_route=%2Fwp%2Fv2%2Fcomments&post=258032"}],"version-history":[{"count":2,"href":"https:\/\/elluchador.info\/index.php?rest_route=\/wp\/v2\/posts\/258032\/revisions"}],"predecessor-version":[{"id":258054,"href":"https:\/\/elluchador.info\/index.php?rest_route=\/wp\/v2\/posts\/258032\/revisions\/258054"}],"wp:featuredmedia":[{"embeddable":true,"href":"https:\/\/elluchador.info\/index.php?rest_route=\/wp\/v2\/media\/258038"}],"wp:attachment":[{"href":"https:\/\/elluchador.info\/index.php?rest_route=%2Fwp%2Fv2%2Fmedia&parent=258032"}],"wp:term":[{"taxonomy":"category","embeddable":true,"href":"https:\/\/elluchador.info\/index.php?rest_route=%2Fwp%2Fv2%2Fcategories&post=258032"},{"taxonomy":"post_tag","embeddable":true,"href":"https:\/\/elluchador.info\/index.php?rest_route=%2Fwp%2Fv2%2Ftags&post=258032"}],"curies":[{"name":"wp","href":"https:\/\/api.w.org\/{rel}","templated":true}]}}