{"id":258055,"date":"2024-11-25T20:39:34","date_gmt":"2024-11-26T00:39:34","guid":{"rendered":"https:\/\/elluchador.info\/?p=258055"},"modified":"2024-11-25T20:39:37","modified_gmt":"2024-11-26T00:39:37","slug":"cierran-caso-contra-trump-por-el-asalto-al-capitolio","status":"publish","type":"post","link":"https:\/\/elluchador.info\/?p=258055","title":{"rendered":"Cierran caso contra Trump por el asalto al Capitolio"},"content":{"rendered":"\n<p>La jueza federal del Distrito de Columbia Tanya Chutkan cerr\u00f3 este lunes el caso contra el presidente electo de Estados Unidos, Donald Trump, por injerencia electoral y el asalto al Capitolio de 2021 despu\u00e9s de que se lo pidiera el fiscal especial, Jack Smith.<\/p>\n\n\n\n<p>La jueza acept\u00f3 la solicitud presentada por Smith, quien argument\u00f3 que Trump gan\u00f3 las elecciones del 5 de noviembre y que la normativa del Departamento de Justicia le impide procesar a un presidente que est\u00e9 en ejercicio.<\/p>\n\n\n\n<p>En un escrito judicial, Chutkan constat\u00f3 que la Fiscal\u00eda pidi\u00f3 desestimar el caso y que la defensa de Trump no se opone a ello, de manera que determin\u00f3 cerrar la causa.<\/p>\n\n\n\n<p>El fiscal abandon\u00f3 este lunes las dos acusaciones penales que manten\u00eda contra Trump en tribunales federales: la del asalto al Capitolio, dirimida en el Distrito de Columbia, y la de los documentos clasificados que el republicano se llev\u00f3 de la Casa Blanca, un caso de Florida.<\/p>\n\n\n\n<p><strong>Lo que dijo Trump al conocer la decisi\u00f3n<\/strong><\/p>\n\n\n\n<p>Trump dijo durante la campa\u00f1a que en su primer d\u00eda como presidente despedir\u00eda a Smith y ordenar\u00eda a la Fiscal\u00eda cerrar los casos en su contra que, seg\u00fan sostiene, fueron motivados por una persecuci\u00f3n pol\u00edtica.<\/p>\n\n\n\n<p>\u00abFue un secuestro pol\u00edtico y que algo as\u00ed pudiera haber sucedido fue un punto bajo en la historia de nuestro pa\u00eds. Sin embargo, persever\u00e9 y, contra todo pron\u00f3stico, GAN\u00c9\u00bb, declar\u00f3 este lunes el republicano al conocer la decisi\u00f3n de Smith.<\/p>\n\n\n\n<p>Trump, que ya fue presidente entre 2017 y 2021, estaba acusado en el Distrito de Columbia por sus intentos para revertir los resultados de las elecciones que perdi\u00f3 en 2020 contra Joe Biden y por haber presuntamente instigado el asalto al Capitolio del 6 de enero de 2021.<\/p>\n\n\n\n<p>Ese d\u00eda, una turba de seguidores del republicano irrumpi\u00f3 en el edificio del Congreso para intentar, sin \u00e9xito, frenar la ratificaci\u00f3n de la victoria electoral de Biden.<\/p>\n\n\n\n<p>En Florida, Trump est\u00e1 acusado de haberse llevado sin permiso centenares de documentos clasificados de su primer mandato y haberlos retenido ilegalmente en su mansi\u00f3n de Mar-a-Lago.<\/p>\n\n\n\n<p>Con informaci\u00f3n <strong><em><mark style=\"background-color:rgba(0, 0, 0, 0)\" class=\"has-inline-color has-vivid-cyan-blue-color\">Agencias<\/mark><\/em><\/strong><\/p>\n","protected":false},"excerpt":{"rendered":"<p>La jueza federal del Distrito de Columbia Tanya Chutkan cerr\u00f3 este lunes el caso contra el presidente electo de Estados Unidos, Donald Trump, por injerencia electoral y el asalto al Capitolio de 2021 despu\u00e9s de que se lo pidiera el fiscal especial, Jack Smith. La jueza acept\u00f3 la solicitud presentada por Smith, quien argument\u00f3 que [&hellip;]<\/p>\n","protected":false},"author":33,"featured_media":258056,"comment_status":"closed","ping_status":"closed","sticky":false,"template":"","format":"standard","meta":{"footnotes":""},"categories":[8],"tags":[2553,448,42],"class_list":{"0":"post-258055","1":"post","2":"type-post","3":"status-publish","4":"format-standard","5":"has-post-thumbnail","7":"category-internacionales","8":"tag-jueza","9":"tag-mundo","10":"tag-trump"},"_links":{"self":[{"href":"https:\/\/elluchador.info\/index.php?rest_route=\/wp\/v2\/posts\/258055","targetHints":{"allow":["GET"]}}],"collection":[{"href":"https:\/\/elluchador.info\/index.php?rest_route=\/wp\/v2\/posts"}],"about":[{"href":"https:\/\/elluchador.info\/index.php?rest_route=\/wp\/v2\/types\/post"}],"author":[{"embeddable":true,"href":"https:\/\/elluchador.info\/index.php?rest_route=\/wp\/v2\/users\/33"}],"replies":[{"embeddable":true,"href":"https:\/\/elluchador.info\/index.php?rest_route=%2Fwp%2Fv2%2Fcomments&post=258055"}],"version-history":[{"count":1,"href":"https:\/\/elluchador.info\/index.php?rest_route=\/wp\/v2\/posts\/258055\/revisions"}],"predecessor-version":[{"id":258057,"href":"https:\/\/elluchador.info\/index.php?rest_route=\/wp\/v2\/posts\/258055\/revisions\/258057"}],"wp:featuredmedia":[{"embeddable":true,"href":"https:\/\/elluchador.info\/index.php?rest_route=\/wp\/v2\/media\/258056"}],"wp:attachment":[{"href":"https:\/\/elluchador.info\/index.php?rest_route=%2Fwp%2Fv2%2Fmedia&parent=258055"}],"wp:term":[{"taxonomy":"category","embeddable":true,"href":"https:\/\/elluchador.info\/index.php?rest_route=%2Fwp%2Fv2%2Fcategories&post=258055"},{"taxonomy":"post_tag","embeddable":true,"href":"https:\/\/elluchador.info\/index.php?rest_route=%2Fwp%2Fv2%2Ftags&post=258055"}],"curies":[{"name":"wp","href":"https:\/\/api.w.org\/{rel}","templated":true}]}}