{"id":258190,"date":"2024-11-27T09:16:52","date_gmt":"2024-11-27T13:16:52","guid":{"rendered":"https:\/\/elluchador.info\/?p=258190"},"modified":"2024-11-27T09:16:59","modified_gmt":"2024-11-27T13:16:59","slug":"biden-israel-y-el-libano-aceptan-el-alto-al-fuego","status":"publish","type":"post","link":"https:\/\/elluchador.info\/?p=258190","title":{"rendered":"Biden: Israel y el L\u00edbano aceptan el alto al fuego"},"content":{"rendered":"\n<p>El presidente de EE.UU., Joe Biden, anunci\u00f3 que los Gobiernos de Israel y el L\u00edbano aceptaron el alto al fuego. El alto el fuego entrar\u00e1 en vigor este mi\u00e9rcoles a las 4:00, hora de Israel.<\/p>\n\n\n\n<p>Bajo el acuerdo se prev\u00e9 que en los pr\u00f3ximos 60 d\u00edas el Ej\u00e9rcito liban\u00e9s vuelva a tomar el control del territorio de L\u00edbano, que fue invadido por las Fuerzas de Defensa de Israel (FDI). Por su parte, Israel retirar\u00e1 gradualmente sus fuerzas del territorio del pa\u00eds vecino.<\/p>\n\n\n\n<p>Biden asever\u00f3 que desde el inicio de las hostilidades entre Israel y el grupo chiita Hezbol\u00e1 m\u00e1s de 70.000 israel\u00edes se han visto \u00abobligados a vivir como refugiados en su propio pa\u00eds\u00bb y m\u00e1s de 300.000 libaneses han tenido que abandonar sus hogares; no obstante, el acuerdo permitir\u00e1 que todos los desplazados vuelvan pronto a sus domicilios.<\/p>\n\n\n\n<p>El l\u00edder estadounidense agradeci\u00f3 a su hom\u00f3logo franc\u00e9s, Emmanuel Macron, por su participaci\u00f3n en la mediaci\u00f3n del acuerdo.<\/p>\n\n\n\n<p>\u00abLa seguridad duradera para los pueblos de Israel y el L\u00edbano no puede lograrse solo en el campo de batalla. Por eso he dado instrucciones a mi equipo para que colabore con los Gobiernos de Israel y el L\u00edbano a fin de lograr un alto el fuego y poner fin al conflicto [\u2026] En virtud del acuerdo alcanzado hoy [\u2026] cesar\u00e1n los combates a trav\u00e9s de la frontera libanesa-israel\u00ed. Eso ha sido dise\u00f1ado como un cese permanente de las hostilidades\u00bb, comunic\u00f3.<\/p>\n\n\n\n<p>\u00abY que quede claro, si Hezbol\u00e1 o cualquier otro rompe el acuerdo e impone una amenaza directa a Israel, Israel conserva el derecho a la autodefensa de acuerdo con el derecho internacional\u00bb, destac\u00f3 el presidente, de este modo confirmando las palabras del primer ministro israel\u00ed, Benjam\u00edn Netanyahu, que prometi\u00f3 \u00abresponder con la fuerza\u00bb a cualquier violaci\u00f3n del acuerdo.<\/p>\n\n\n\n<p>Por su parte, la oficina del primer ministro de Israel confirm\u00f3 que el gabinete de seguridad nacional aprob\u00f3 oficialmente un alto el fuego en el L\u00edbano. \u00abIsrael aprecia la contribuci\u00f3n de Estados Unidos al proceso y se reserva el derecho de actuar ante cualquier amenaza a su seguridad\u00bb, se precisa.<\/p>\n\n\n\n<p>Con informaci\u00f3n <strong><em><mark style=\"background-color:rgba(0, 0, 0, 0)\" class=\"has-inline-color has-vivid-green-cyan-color\">Actualidad RT<\/mark><\/em><\/strong><\/p>\n","protected":false},"excerpt":{"rendered":"<p>El presidente de EE.UU., Joe Biden, anunci\u00f3 que los Gobiernos de Israel y el L\u00edbano aceptaron el alto al fuego. El alto el fuego entrar\u00e1 en vigor este mi\u00e9rcoles a las 4:00, hora de Israel. Bajo el acuerdo se prev\u00e9 que en los pr\u00f3ximos 60 d\u00edas el Ej\u00e9rcito liban\u00e9s vuelva a tomar el control del [&hellip;]<\/p>\n","protected":false},"author":33,"featured_media":258191,"comment_status":"closed","ping_status":"closed","sticky":false,"template":"","format":"standard","meta":{"footnotes":""},"categories":[5,8],"tags":[1540,2063],"class_list":{"0":"post-258190","1":"post","2":"type-post","3":"status-publish","4":"format-standard","5":"has-post-thumbnail","7":"category-destacado","8":"category-internacionales","9":"tag-israel","10":"tag-libano"},"_links":{"self":[{"href":"https:\/\/elluchador.info\/index.php?rest_route=\/wp\/v2\/posts\/258190","targetHints":{"allow":["GET"]}}],"collection":[{"href":"https:\/\/elluchador.info\/index.php?rest_route=\/wp\/v2\/posts"}],"about":[{"href":"https:\/\/elluchador.info\/index.php?rest_route=\/wp\/v2\/types\/post"}],"author":[{"embeddable":true,"href":"https:\/\/elluchador.info\/index.php?rest_route=\/wp\/v2\/users\/33"}],"replies":[{"embeddable":true,"href":"https:\/\/elluchador.info\/index.php?rest_route=%2Fwp%2Fv2%2Fcomments&post=258190"}],"version-history":[{"count":1,"href":"https:\/\/elluchador.info\/index.php?rest_route=\/wp\/v2\/posts\/258190\/revisions"}],"predecessor-version":[{"id":258192,"href":"https:\/\/elluchador.info\/index.php?rest_route=\/wp\/v2\/posts\/258190\/revisions\/258192"}],"wp:featuredmedia":[{"embeddable":true,"href":"https:\/\/elluchador.info\/index.php?rest_route=\/wp\/v2\/media\/258191"}],"wp:attachment":[{"href":"https:\/\/elluchador.info\/index.php?rest_route=%2Fwp%2Fv2%2Fmedia&parent=258190"}],"wp:term":[{"taxonomy":"category","embeddable":true,"href":"https:\/\/elluchador.info\/index.php?rest_route=%2Fwp%2Fv2%2Fcategories&post=258190"},{"taxonomy":"post_tag","embeddable":true,"href":"https:\/\/elluchador.info\/index.php?rest_route=%2Fwp%2Fv2%2Ftags&post=258190"}],"curies":[{"name":"wp","href":"https:\/\/api.w.org\/{rel}","templated":true}]}}