{"id":258208,"date":"2024-11-27T11:06:37","date_gmt":"2024-11-27T15:06:37","guid":{"rendered":"https:\/\/elluchador.info\/?p=258208"},"modified":"2024-11-27T11:06:41","modified_gmt":"2024-11-27T15:06:41","slug":"conmemoraron-el-55o-aniversario-del-ministerio-publico","status":"publish","type":"post","link":"https:\/\/elluchador.info\/?p=258208","title":{"rendered":"Conmemoraron el 55\u00ba aniversario del Ministerio P\u00fablico"},"content":{"rendered":"\n<p>Bajo un ambiente de alegr\u00eda y hermandad, el alcalde Sergio Hern\u00e1ndez, en uni\u00f3n c\u00edvico-militar-policial, conmemor\u00f3 los 55 a\u00f1os del Ministerio P\u00fablico con una serie de actos protocolares.<\/p>\n\n\n\n<p>El l\u00edder municipal, acompa\u00f1ado por la gran familia del Ministerio P\u00fablico, cont\u00f3 tambi\u00e9n con la presencia del gobernador \u00c1ngel Marcano, los alcaldes Tito Oviedo y Yulisbeth Garc\u00eda, as\u00ed como la familia del Palacio de Justicia, la defensora del pueblo Soraice Rond\u00f3n, concejales, legisladores y otros invitados.<\/p>\n\n\n\n<p>Las actividades iniciaron con una misa de acci\u00f3n de gracias en la Catedral Metropolitana de Ciudad Bol\u00edvar, donde todos, como una sola familia, elevaron sus oraciones por el bienestar del pueblo, as\u00ed como por la uni\u00f3n y la paz de Venezuela. Durante la ceremonia, las personas realizaron sus peticiones y ofrendas de la mano del Fiscal Superior del estado Bol\u00edvar, Luis Alfredo Roa Reyes, y la gran familia del Ministerio P\u00fablico.<\/p>\n\n\n\n<p><strong>En la Plaza Bol\u00edvar<\/strong><\/p>\n\n\n\n<p>Despu\u00e9s de la misa de acci\u00f3n de gracias, las autoridades continuaron con los actos protocolares en la Plaza Bol\u00edvar de Ciudad Bol\u00edvar, donde se realiz\u00f3 una parada y una ofrenda ante la imagen del padre de la patria. Posteriormente, las autoridades entregaron reconocimientos a personas destacadas por su compromiso con el Ministerio P\u00fablico y la construcci\u00f3n de la patria grande.<\/p>\n\n\n\n<p>En este contexto, el alcalde Sergio Hern\u00e1ndez extendi\u00f3 sus felicitaciones a toda la familia del Ministerio P\u00fablico, destacando su compromiso en la protecci\u00f3n de las personas. \u00abSon 55 a\u00f1os del Ministerio P\u00fablico, donde hoy reafirmamos el trabajo conjunto con esta instituci\u00f3n para seguir protegiendo a las personas a trav\u00e9s de las diferentes actuaciones, de la mano del Fiscal Superior y del presidente Nicol\u00e1s Maduro\u00bb, afirm\u00f3 Hern\u00e1ndez. El alcalde tambi\u00e9n destac\u00f3 la importancia de la uni\u00f3n perfecta para conmemorar esta fecha.<\/p>\n\n\n\n<p><strong>Alcalde reconocido<\/strong><\/p>\n\n\n\n<p>Asimismo, las autoridades del Ministerio P\u00fablico entregaron un reconocimiento al alcalde Sergio Hern\u00e1ndez por su amor y compromiso con la instituci\u00f3n y la gran familia que la conforma, llevando el mensaje de hermandad y uni\u00f3n para seguir construyendo la patria grande.<\/p>\n\n\n\n<p><strong><em><mark style=\"background-color:rgba(0, 0, 0, 0)\" class=\"has-inline-color has-luminous-vivid-orange-color\">Prensa Alcald\u00eda AO<\/mark><\/em><\/strong><\/p>\n","protected":false},"excerpt":{"rendered":"<p>Bajo un ambiente de alegr\u00eda y hermandad, el alcalde Sergio Hern\u00e1ndez, en uni\u00f3n c\u00edvico-militar-policial, conmemor\u00f3 los 55 a\u00f1os del Ministerio P\u00fablico con una serie de actos protocolares. El l\u00edder municipal, acompa\u00f1ado por la gran familia del Ministerio P\u00fablico, cont\u00f3 tambi\u00e9n con la presencia del gobernador \u00c1ngel Marcano, los alcaldes Tito Oviedo y Yulisbeth Garc\u00eda, as\u00ed [&hellip;]<\/p>\n","protected":false},"author":33,"featured_media":258209,"comment_status":"closed","ping_status":"closed","sticky":false,"template":"","format":"standard","meta":{"footnotes":""},"categories":[20],"tags":[195,2556],"class_list":{"0":"post-258208","1":"post","2":"type-post","3":"status-publish","4":"format-standard","5":"has-post-thumbnail","7":"category-municipal","8":"tag-aniversario","9":"tag-ministerio-publico"},"_links":{"self":[{"href":"https:\/\/elluchador.info\/index.php?rest_route=\/wp\/v2\/posts\/258208","targetHints":{"allow":["GET"]}}],"collection":[{"href":"https:\/\/elluchador.info\/index.php?rest_route=\/wp\/v2\/posts"}],"about":[{"href":"https:\/\/elluchador.info\/index.php?rest_route=\/wp\/v2\/types\/post"}],"author":[{"embeddable":true,"href":"https:\/\/elluchador.info\/index.php?rest_route=\/wp\/v2\/users\/33"}],"replies":[{"embeddable":true,"href":"https:\/\/elluchador.info\/index.php?rest_route=%2Fwp%2Fv2%2Fcomments&post=258208"}],"version-history":[{"count":1,"href":"https:\/\/elluchador.info\/index.php?rest_route=\/wp\/v2\/posts\/258208\/revisions"}],"predecessor-version":[{"id":258210,"href":"https:\/\/elluchador.info\/index.php?rest_route=\/wp\/v2\/posts\/258208\/revisions\/258210"}],"wp:featuredmedia":[{"embeddable":true,"href":"https:\/\/elluchador.info\/index.php?rest_route=\/wp\/v2\/media\/258209"}],"wp:attachment":[{"href":"https:\/\/elluchador.info\/index.php?rest_route=%2Fwp%2Fv2%2Fmedia&parent=258208"}],"wp:term":[{"taxonomy":"category","embeddable":true,"href":"https:\/\/elluchador.info\/index.php?rest_route=%2Fwp%2Fv2%2Fcategories&post=258208"},{"taxonomy":"post_tag","embeddable":true,"href":"https:\/\/elluchador.info\/index.php?rest_route=%2Fwp%2Fv2%2Ftags&post=258208"}],"curies":[{"name":"wp","href":"https:\/\/api.w.org\/{rel}","templated":true}]}}