{"id":258238,"date":"2024-11-27T15:59:48","date_gmt":"2024-11-27T19:59:48","guid":{"rendered":"https:\/\/elluchador.info\/?p=258238"},"modified":"2024-11-27T15:59:53","modified_gmt":"2024-11-27T19:59:53","slug":"vecinos-de-las-piedritas-ii-requieren-asfaltado-urgente","status":"publish","type":"post","link":"https:\/\/elluchador.info\/?p=258238","title":{"rendered":"Vecinos de Las Piedritas II requieren asfaltado urgente"},"content":{"rendered":"\n<p>Residentes de la parroquia La Sabanita, en el sector Piedritas II, hacen un llamado urgente a las autoridades para mejorar el asfaltado de las calles, especialmente en la calle Aragua, que se encuentra en p\u00e9simo estado. Esta situaci\u00f3n afecta tanto a conductores como a peatones de la zona, quienes exigen una soluci\u00f3n inmediata.<\/p>\n\n\n\n<p>Andreina Guzm\u00e1n, vecina del sector, expres\u00f3 su preocupaci\u00f3n por el deterioro de la calle Aragua, resaltando que lleva m\u00e1s de cuatro a\u00f1os afectando los autom\u00f3viles de los vecinos, incluido el de su esposo. \u00abDurante mucho tiempo hemos hecho varias denuncias para que el gobierno regional implemente un plan de asfaltado en la comunidad, pero no hemos recibido respuestas\u00bb, afirm\u00f3.<\/p>\n\n\n\n<p>Por otro lado, Kevin Hern\u00e1ndez, conductor de la ruta, destac\u00f3 que el mal estado de esta calle est\u00e1 afectando su veh\u00edculo. \u00abSe me hace complicado pasar con mi carro porque la calle est\u00e1 en muy mal estado, he tenido que dar la vuelta para evitar la calle Aragua\u00bb, explic\u00f3.<\/p>\n\n\n\n<p>Los residentes del sector Piedritas II esperan que las autoridades atiendan su llamado y realicen las mejoras necesarias para garantizar la seguridad de todos los habitantes de la comunidad. <\/p>\n\n\n\n<p><strong><em><mark style=\"background-color:rgba(0, 0, 0, 0)\" class=\"has-inline-color has-luminous-vivid-orange-color\">Alejandra Afanador (Pasante)<\/mark><\/em><\/strong><\/p>\n","protected":false},"excerpt":{"rendered":"<p>Residentes de la parroquia La Sabanita, en el sector Piedritas II, hacen un llamado urgente a las autoridades para mejorar el asfaltado de las calles, especialmente en la calle Aragua, que se encuentra en p\u00e9simo estado. Esta situaci\u00f3n afecta tanto a conductores como a peatones de la zona, quienes exigen una soluci\u00f3n inmediata. Andreina Guzm\u00e1n, [&hellip;]<\/p>\n","protected":false},"author":33,"featured_media":258239,"comment_status":"closed","ping_status":"closed","sticky":false,"template":"","format":"standard","meta":{"footnotes":""},"categories":[2],"tags":[306,2560],"class_list":{"0":"post-258238","1":"post","2":"type-post","3":"status-publish","4":"format-standard","5":"has-post-thumbnail","7":"category-comunidad","8":"tag-ciudad-bolivar","9":"tag-las-piedritas"},"_links":{"self":[{"href":"https:\/\/elluchador.info\/index.php?rest_route=\/wp\/v2\/posts\/258238","targetHints":{"allow":["GET"]}}],"collection":[{"href":"https:\/\/elluchador.info\/index.php?rest_route=\/wp\/v2\/posts"}],"about":[{"href":"https:\/\/elluchador.info\/index.php?rest_route=\/wp\/v2\/types\/post"}],"author":[{"embeddable":true,"href":"https:\/\/elluchador.info\/index.php?rest_route=\/wp\/v2\/users\/33"}],"replies":[{"embeddable":true,"href":"https:\/\/elluchador.info\/index.php?rest_route=%2Fwp%2Fv2%2Fcomments&post=258238"}],"version-history":[{"count":1,"href":"https:\/\/elluchador.info\/index.php?rest_route=\/wp\/v2\/posts\/258238\/revisions"}],"predecessor-version":[{"id":258240,"href":"https:\/\/elluchador.info\/index.php?rest_route=\/wp\/v2\/posts\/258238\/revisions\/258240"}],"wp:featuredmedia":[{"embeddable":true,"href":"https:\/\/elluchador.info\/index.php?rest_route=\/wp\/v2\/media\/258239"}],"wp:attachment":[{"href":"https:\/\/elluchador.info\/index.php?rest_route=%2Fwp%2Fv2%2Fmedia&parent=258238"}],"wp:term":[{"taxonomy":"category","embeddable":true,"href":"https:\/\/elluchador.info\/index.php?rest_route=%2Fwp%2Fv2%2Fcategories&post=258238"},{"taxonomy":"post_tag","embeddable":true,"href":"https:\/\/elluchador.info\/index.php?rest_route=%2Fwp%2Fv2%2Ftags&post=258238"}],"curies":[{"name":"wp","href":"https:\/\/api.w.org\/{rel}","templated":true}]}}