{"id":258284,"date":"2024-11-28T09:11:30","date_gmt":"2024-11-28T13:11:30","guid":{"rendered":"https:\/\/elluchador.info\/?p=258284"},"modified":"2024-11-28T09:11:40","modified_gmt":"2024-11-28T13:11:40","slug":"afectados-por-embates-de-vientos-y-lluvias-piden-ayuda-gubernamental","status":"publish","type":"post","link":"https:\/\/elluchador.info\/?p=258284","title":{"rendered":"Afectados por embates de vientos y lluvias piden ayuda gubernamental"},"content":{"rendered":"\n<p>Tras los fuertes vientos y lluvias acaecidos en Ciudad Bol\u00edvar entre los d\u00edas domingo 24 y lunes 25 de noviembre, habitantes de diversos sectores reportaron ca\u00eddas de \u00e1rboles que, en algunos casos causaron severos da\u00f1os en viviendas.<\/p>\n\n\n\n<p>Tal es el caso de Evelyn Gil, radicada en el callej\u00f3n El Pilar de La Sabanita, quien perdi\u00f3 su casa luego de que un enorme \u00e1rbol cayera sobre la misma durante el temporal.<\/p>\n\n\n\n<p>\u201cFue muy doloroso ver c\u00f3mo mi hogar en el que habit\u00e9 con mi familia por m\u00e1s de 14 a\u00f1os, qued\u00f3 destruido en cuesti\u00f3n de minutos\u201d, dijo Gil.<\/p>\n\n\n\n<p>La mujer relat\u00f3 que durante el suceso solo se produjeron da\u00f1os materiales, dado que afortunadamente logr\u00f3 salir a tiempo de la vivienda junto a su familia.<\/p>\n\n\n\n<p>El techo y varias paredes se vinieron abajo, la cocina qued\u00f3 completamente destrozada y lo poco qued\u00f3 en pie de la humilde vivienda, representa un grave riesgo por lo que no puede ser habitada.<\/p>\n\n\n\n<p>Otros vecinos del lugar tambi\u00e9n fueron afectados por la situaci\u00f3n y, aunque corrieron con mejor suerte que Evelyn Gil, tambi\u00e9n reportaron da\u00f1os en sus viviendas.<\/p>\n\n\n\n<p>Ante este panorama, los afectados por el evento clim\u00e1tico hicieron un llamado a las autoridades competentes a fin de que sean atendidos y puedan recibir ayuda para reconstruir sus viviendas.<\/p>\n\n\n\n<p>En otros sectores de la ciudad como la parte baja de Agua Salada y Los Pr\u00f3ceres tambi\u00e9n se reportaron ca\u00eddas de \u00e1rboles, sin embargo, estos incidentes no causaron da\u00f1os que lamentar.<\/p>\n\n\n\n<p><strong><em>Gledis Bonilla<\/em><\/strong><\/p>\n","protected":false},"excerpt":{"rendered":"<p>Tras los fuertes vientos y lluvias acaecidos en Ciudad Bol\u00edvar entre los d\u00edas domingo 24 y lunes 25 de noviembre, habitantes de diversos sectores reportaron ca\u00eddas de \u00e1rboles que, en algunos casos causaron severos da\u00f1os en viviendas. Tal es el caso de Evelyn Gil, radicada en el callej\u00f3n El Pilar de La Sabanita, quien perdi\u00f3 [&hellip;]<\/p>\n","protected":false},"author":2,"featured_media":258283,"comment_status":"closed","ping_status":"closed","sticky":false,"template":"","format":"standard","meta":{"footnotes":""},"categories":[2],"tags":[],"class_list":{"0":"post-258284","1":"post","2":"type-post","3":"status-publish","4":"format-standard","5":"has-post-thumbnail","7":"category-comunidad"},"_links":{"self":[{"href":"https:\/\/elluchador.info\/index.php?rest_route=\/wp\/v2\/posts\/258284","targetHints":{"allow":["GET"]}}],"collection":[{"href":"https:\/\/elluchador.info\/index.php?rest_route=\/wp\/v2\/posts"}],"about":[{"href":"https:\/\/elluchador.info\/index.php?rest_route=\/wp\/v2\/types\/post"}],"author":[{"embeddable":true,"href":"https:\/\/elluchador.info\/index.php?rest_route=\/wp\/v2\/users\/2"}],"replies":[{"embeddable":true,"href":"https:\/\/elluchador.info\/index.php?rest_route=%2Fwp%2Fv2%2Fcomments&post=258284"}],"version-history":[{"count":1,"href":"https:\/\/elluchador.info\/index.php?rest_route=\/wp\/v2\/posts\/258284\/revisions"}],"predecessor-version":[{"id":258285,"href":"https:\/\/elluchador.info\/index.php?rest_route=\/wp\/v2\/posts\/258284\/revisions\/258285"}],"wp:featuredmedia":[{"embeddable":true,"href":"https:\/\/elluchador.info\/index.php?rest_route=\/wp\/v2\/media\/258283"}],"wp:attachment":[{"href":"https:\/\/elluchador.info\/index.php?rest_route=%2Fwp%2Fv2%2Fmedia&parent=258284"}],"wp:term":[{"taxonomy":"category","embeddable":true,"href":"https:\/\/elluchador.info\/index.php?rest_route=%2Fwp%2Fv2%2Fcategories&post=258284"},{"taxonomy":"post_tag","embeddable":true,"href":"https:\/\/elluchador.info\/index.php?rest_route=%2Fwp%2Fv2%2Ftags&post=258284"}],"curies":[{"name":"wp","href":"https:\/\/api.w.org\/{rel}","templated":true}]}}