{"id":258471,"date":"2024-11-29T15:58:37","date_gmt":"2024-11-29T19:58:37","guid":{"rendered":"https:\/\/elluchador.info\/?p=258471"},"modified":"2024-11-29T15:58:43","modified_gmt":"2024-11-29T19:58:43","slug":"cusica-fest-2024-se-prepara-para-tomar-la-usb","status":"publish","type":"post","link":"https:\/\/elluchador.info\/?p=258471","title":{"rendered":"C\u00fasica Fest 2024 se prepara para tomar la USB"},"content":{"rendered":"\n<p><strong>&#8211;<\/strong>&nbsp;A tan solo una semana para que se lleve a cabo el C\u00fasica Fest, la organizaci\u00f3n del emblem\u00e1tico festival caraque\u00f1o se reuni\u00f3 este jueves con los principales medios de comunicaci\u00f3n del pa\u00eds para afinar detalles de esta nueva edici\u00f3n, que se realizar\u00e1 el pr\u00f3ximo s\u00e1bado 7 de diciembre en el complejo deportivo de la Universidad Sim\u00f3n Bol\u00edvar (USB).<\/p>\n\n\n\n<p>A principios de octubre, C\u00fasica anunci\u00f3 el line-up oficial para esta edici\u00f3n, donde destacan nombres como Blessd, Claptone, Villano Antillano, Akapellah, \u00c9l Mat\u00f3 a un Polic\u00eda Motorizado, Zapato 3, entre otros. Esta edici\u00f3n busca celebrar los 10 a\u00f1os de la empresa en el mundo del entretenimiento y la cultura musical en Venezuela.<\/p>\n\n\n\n<p>Este a\u00f1o, y como ha sido costumbre para la empresa, las principales fortalezas del festival ser\u00e1n la calidad, la puntualidad, la m\u00fasica y la experiencia, para aquellos fan\u00e1ticos que a\u00f1o tras a\u00f1o conf\u00edan en la marca C\u00fasica.<\/p>\n\n\n\n<p><em>\u00abEs un reto que nos obliga a mejorar y a ser mejores a\u00f1o tras a\u00f1o. Nos obliga a superarnos, a organizarnos mucho m\u00e1s y a construir algo que siento que nunca se ha vivido en este pa\u00eds, influenci\u00e1ndonos mucho de lo que ocurre en los festivales alrededor del mundo\u201d,<\/em>&nbsp;expres\u00f3 Jean Paul Maksoud, director de booking de C\u00fasica al iniciar el encuentro con los medios de comunicaci\u00f3n.<\/p>\n\n\n\n<p><strong>Cronograma y presentaciones&nbsp;<\/strong><\/p>\n\n\n\n<figure class=\"wp-block-image\"><img decoding=\"async\" src=\"https:\/\/mmedia.eluniversal.com\/20056\/cronograma-163550.jpg\" alt=\"\"\/><\/figure>\n\n\n\n<p>Bajo el lema por excelencia de la marca \u201cIn music we trust\u201d (en la m\u00fasica confiamos) la directiva dio a conocer el cronograma del festival y especific\u00f3 que en esta ocasi\u00f3n tendr\u00e1 una duraci\u00f3n de aproximadamente 15 horas, ya que iniciar\u00e1 a las 12:00 p.m. y culminar\u00e1 a las 3:30 a.m.<\/p>\n\n\n\n<p><em>\u201cEn esas 15 o 16 horas que tendremos de festival, podremos ver y escuchar distintos g\u00e9neros: m\u00fasica electr\u00f3nica, g\u00e9neros urbanos, hip hop, indie, rock and roll. De verdad, tendremos una variedad bastante grande dentro del cartel,\u201d<\/em>&nbsp;especific\u00f3 Maksoud al referirse sobre la gran variedad musical con la que contar\u00e1 el festival este a\u00f1o.&nbsp;<\/p>\n\n\n\n<p>El festival, a\u00f1o tras a\u00f1o, destaca por su diversidad musical. Por esta raz\u00f3n, Maksoud habl\u00f3 con&nbsp;<em><strong>El Universal<\/strong><\/em>&nbsp;sobre la posibilidad de agregar una agrupaci\u00f3n de K-pop en su festival:&nbsp;<em>\u201cDentro de nuestras prioridades est\u00e1 integrarlo, y es parte de lo que dec\u00eda Rodolfo hace un rato: es importante que vayamos creciendo en el nivel del festival\u201d.<\/em><\/p>\n\n\n\n<p>El cartel, por su parte, no sufre grandes modificaciones, pero se a\u00f1aden nombres como DJ V\u00edctor Porfidio, as\u00ed como las bandas ganadoras del Cusica Challenge: Gran Celaje, Capit\u00e1n Mostacho y La Cueva SoundSystem. Recientemente, tambi\u00e9n fueron anunciados a trav\u00e9s de redes sociales \u00c7antamarta y los venezolanos Motherflowers.<\/p>\n\n\n\n<figure class=\"wp-block-image\"><img decoding=\"async\" src=\"https:\/\/mmedia.eluniversal.com\/20056\/cartel-163554.jpg\" alt=\"\"\/><\/figure>\n\n\n\n<p>Cabe destacar que hasta el momento la \u00fanica modificaci\u00f3n de gran importancia que ha experimentado el cartel fue la cancelaci\u00f3n de la presentaci\u00f3n de la agrupaci\u00f3n de hip-hop venezolana 3 Due\u00f1os, debido al proceso judicial que enfrenta Carlos Madera, uno de los vocalistas del grupo.<\/p>\n\n\n\n<p><strong>Entretenimiento, organizaci\u00f3n y transporte&nbsp;<\/strong><\/p>\n\n\n\n<figure class=\"wp-block-image\"><img decoding=\"async\" src=\"https:\/\/mmedia.eluniversal.com\/20056\/mapa-163557.jpg\" alt=\"\"\/><\/figure>\n\n\n\n<p>Las puertas del festival estar\u00e1n abiertas a partir de las 11:45 a.m. para el disfrute de todos los asistentes, quienes, como novedad, contar\u00e1n este a\u00f1o con una cuarta tarima para aumentar la oferta musical, as\u00ed como la instalaci\u00f3n de una carpa electr\u00f3nica, que comenzar\u00e1 actividades desde el inicio del festival hasta su culminaci\u00f3n.<\/p>\n\n\n\n<p>Al igual que el a\u00f1o pasado, el festival contar\u00e1 con un espacio de foodtrucks y stands de comida y bebida, as\u00ed como con un \u00e1rea de hidrataci\u00f3n gratuita a cargo de Fontana y la muy conocida zona bazar, entre otras \u00e1reas de esparcimiento.<\/p>\n\n\n\n<p>C\u00fasica estima que se han vendido 7.200 entradas para un festival donde no solo los asistentes podr\u00e1n llevarse esa sensaci\u00f3n de plenitud a trav\u00e9s de la m\u00fasica en vivo, sino tambi\u00e9n de los diversos puestos de esparcimiento que estar\u00e1n habilitados en todo el lugar; una experiencia que ir\u00e1 m\u00e1s all\u00e1 de la m\u00fasica y que pretende igualar a festivales de talla internacional.<\/p>\n\n\n\n<p>Estefan\u00eda Mart\u00ednez, productora general de los eventos de C\u00fasica, declar\u00f3 que todos los a\u00f1os la compa\u00f1\u00eda se preocupa por mejorar la experiencia de los asistentes en un festival que se ha caracterizado desde un principio por su calidad, puntualidad y profesionalismo: \u201cLa idea es ir implementando m\u00e1s cosas y aprendiendo para hacer crecer el festival.\u201d<\/p>\n\n\n\n<p>A su vez, Mart\u00ednez inform\u00f3 que la empresa en convenio con La Wawa habilitar\u00e1 puntos de transporte en el Centro Comercial Ciudad Tamanaco (CCCT) para la ida y vuelta del festival. Las unidades saldr\u00e1n a las 10:30 a.m. y el retorno ser\u00e1 a partir de las 6:00 p.m. hasta que finalice el evento.<\/p>\n\n\n\n<p>Con m\u00e1s de 40 artistas en escena, de los cuales 30 son venezolanos y 8 internacionales, a C\u00fasica le gustar\u00eda superar el n\u00famero de asistentes del a\u00f1o pasado, que fue de 12,000, en una edici\u00f3n que celebra 10 a\u00f1os de buena m\u00fasica en nuestro pa\u00eds.<\/p>\n\n\n\n<p><strong><em>Con informaci\u00f3n de EU.<\/em><\/strong><\/p>\n","protected":false},"excerpt":{"rendered":"<p>&#8211;&nbsp;A tan solo una semana para que se lleve a cabo el C\u00fasica Fest, la organizaci\u00f3n del emblem\u00e1tico festival caraque\u00f1o se reuni\u00f3 este jueves con los principales medios de comunicaci\u00f3n del pa\u00eds para afinar detalles de esta nueva edici\u00f3n, que se realizar\u00e1 el pr\u00f3ximo s\u00e1bado 7 de diciembre en el complejo deportivo de la Universidad [&hellip;]<\/p>\n","protected":false},"author":2,"featured_media":258472,"comment_status":"closed","ping_status":"closed","sticky":false,"template":"","format":"standard","meta":{"footnotes":""},"categories":[7],"tags":[],"class_list":{"0":"post-258471","1":"post","2":"type-post","3":"status-publish","4":"format-standard","5":"has-post-thumbnail","7":"category-entretenimiento"},"_links":{"self":[{"href":"https:\/\/elluchador.info\/index.php?rest_route=\/wp\/v2\/posts\/258471","targetHints":{"allow":["GET"]}}],"collection":[{"href":"https:\/\/elluchador.info\/index.php?rest_route=\/wp\/v2\/posts"}],"about":[{"href":"https:\/\/elluchador.info\/index.php?rest_route=\/wp\/v2\/types\/post"}],"author":[{"embeddable":true,"href":"https:\/\/elluchador.info\/index.php?rest_route=\/wp\/v2\/users\/2"}],"replies":[{"embeddable":true,"href":"https:\/\/elluchador.info\/index.php?rest_route=%2Fwp%2Fv2%2Fcomments&post=258471"}],"version-history":[{"count":1,"href":"https:\/\/elluchador.info\/index.php?rest_route=\/wp\/v2\/posts\/258471\/revisions"}],"predecessor-version":[{"id":258473,"href":"https:\/\/elluchador.info\/index.php?rest_route=\/wp\/v2\/posts\/258471\/revisions\/258473"}],"wp:featuredmedia":[{"embeddable":true,"href":"https:\/\/elluchador.info\/index.php?rest_route=\/wp\/v2\/media\/258472"}],"wp:attachment":[{"href":"https:\/\/elluchador.info\/index.php?rest_route=%2Fwp%2Fv2%2Fmedia&parent=258471"}],"wp:term":[{"taxonomy":"category","embeddable":true,"href":"https:\/\/elluchador.info\/index.php?rest_route=%2Fwp%2Fv2%2Fcategories&post=258471"},{"taxonomy":"post_tag","embeddable":true,"href":"https:\/\/elluchador.info\/index.php?rest_route=%2Fwp%2Fv2%2Ftags&post=258471"}],"curies":[{"name":"wp","href":"https:\/\/api.w.org\/{rel}","templated":true}]}}