{"id":258506,"date":"2024-11-30T10:57:17","date_gmt":"2024-11-30T14:57:17","guid":{"rendered":"https:\/\/elluchador.info\/?p=258506"},"modified":"2024-11-30T10:57:21","modified_gmt":"2024-11-30T14:57:21","slug":"laura-pausini-sufre-aparatosa-caida-durante-concierto-en-milan","status":"publish","type":"post","link":"https:\/\/elluchador.info\/?p=258506","title":{"rendered":"Laura Pausini sufre aparatosa ca\u00edda durante concierto en Mil\u00e1n"},"content":{"rendered":"\n<p>La cantante y compositora italiana, Laura Pausini, vivi\u00f3 un incidente durante su concierto de ayer, viernes, en el Unipol Forum de Mil\u00e1n, Italia.<\/p>\n\n\n\n<p>Mientras se encontraba en el escenario, Pausini sufri\u00f3 una aparatosa ca\u00edda que sorprendi\u00f3 a su audiencia y caus\u00f3 preocupaci\u00f3n entre sus seguidores.<\/p>\n\n\n\n<p>En un video publicado en redes sociales por el programa de far\u00e1ndula y entretenimiento \u201cEl Gordo y la Flaca\u201d (Univision), se observa como la artista cae por las escaleras de la tarima cuando interpretaba una de las canciones del repertorio.<\/p>\n\n\n\n<figure class=\"wp-block-embed is-type-rich is-provider-twitter wp-block-embed-twitter\"><div class=\"wp-block-embed__wrapper\">\n<blockquote class=\"twitter-tweet\" data-width=\"550\" data-dnt=\"true\"><p lang=\"it\" dir=\"ltr\">Laura Pausini cade durante il concerto: il video fa il giro del web <a href=\"https:\/\/t.co\/lkOPWeC8dq\">https:\/\/t.co\/lkOPWeC8dq<\/a> \u2935\ufe0f  . Leggi l&#39;articolo\u2935\ufe0f <a href=\"https:\/\/twitter.com\/hashtag\/LauraPausini?src=hash&amp;ref_src=twsrc%5Etfw\">#LauraPausini<\/a> <a href=\"https:\/\/twitter.com\/hashtag\/concerto?src=hash&amp;ref_src=twsrc%5Etfw\">#concerto<\/a> <a href=\"https:\/\/twitter.com\/hashtag\/video?src=hash&amp;ref_src=twsrc%5Etfw\">#video<\/a><\/p>&mdash; il Resto del Carlino (@qn_carlino) <a href=\"https:\/\/twitter.com\/qn_carlino\/status\/1862571265338613936?ref_src=twsrc%5Etfw\">November 29, 2024<\/a><\/blockquote><script async src=\"https:\/\/platform.twitter.com\/widgets.js\" charset=\"utf-8\"><\/script>\n<\/div><\/figure>\n\n\n\n<p>Sin embargo, a pesar del golpe que recibi\u00f3, la ganadora de varios Latin Grammy demostr\u00f3 su profesionalismo al levantarse y continuar el espect\u00e1culo como si nada hubiera pasado.<\/p>\n\n\n\n<p>Hasta el momento, la artista no se ha expresado sobre lo sucedido.<\/p>\n\n\n\n<p>Con informaci\u00f3n <strong><em><mark style=\"background-color:rgba(0, 0, 0, 0)\" class=\"has-inline-color has-vivid-purple-color\">RC Noticias<\/mark><\/em><\/strong><\/p>\n","protected":false},"excerpt":{"rendered":"<p>La cantante y compositora italiana, Laura Pausini, vivi\u00f3 un incidente durante su concierto de ayer, viernes, en el Unipol Forum de Mil\u00e1n, Italia. Mientras se encontraba en el escenario, Pausini sufri\u00f3 una aparatosa ca\u00edda que sorprendi\u00f3 a su audiencia y caus\u00f3 preocupaci\u00f3n entre sus seguidores. En un video publicado en redes sociales por el programa [&hellip;]<\/p>\n","protected":false},"author":33,"featured_media":258507,"comment_status":"closed","ping_status":"closed","sticky":false,"template":"","format":"standard","meta":{"footnotes":""},"categories":[7],"tags":[2575,2576,2574],"class_list":{"0":"post-258506","1":"post","2":"type-post","3":"status-publish","4":"format-standard","5":"has-post-thumbnail","7":"category-entretenimiento","8":"tag-caida","9":"tag-milan","10":"tag-pausini"},"_links":{"self":[{"href":"https:\/\/elluchador.info\/index.php?rest_route=\/wp\/v2\/posts\/258506","targetHints":{"allow":["GET"]}}],"collection":[{"href":"https:\/\/elluchador.info\/index.php?rest_route=\/wp\/v2\/posts"}],"about":[{"href":"https:\/\/elluchador.info\/index.php?rest_route=\/wp\/v2\/types\/post"}],"author":[{"embeddable":true,"href":"https:\/\/elluchador.info\/index.php?rest_route=\/wp\/v2\/users\/33"}],"replies":[{"embeddable":true,"href":"https:\/\/elluchador.info\/index.php?rest_route=%2Fwp%2Fv2%2Fcomments&post=258506"}],"version-history":[{"count":1,"href":"https:\/\/elluchador.info\/index.php?rest_route=\/wp\/v2\/posts\/258506\/revisions"}],"predecessor-version":[{"id":258508,"href":"https:\/\/elluchador.info\/index.php?rest_route=\/wp\/v2\/posts\/258506\/revisions\/258508"}],"wp:featuredmedia":[{"embeddable":true,"href":"https:\/\/elluchador.info\/index.php?rest_route=\/wp\/v2\/media\/258507"}],"wp:attachment":[{"href":"https:\/\/elluchador.info\/index.php?rest_route=%2Fwp%2Fv2%2Fmedia&parent=258506"}],"wp:term":[{"taxonomy":"category","embeddable":true,"href":"https:\/\/elluchador.info\/index.php?rest_route=%2Fwp%2Fv2%2Fcategories&post=258506"},{"taxonomy":"post_tag","embeddable":true,"href":"https:\/\/elluchador.info\/index.php?rest_route=%2Fwp%2Fv2%2Ftags&post=258506"}],"curies":[{"name":"wp","href":"https:\/\/api.w.org\/{rel}","templated":true}]}}