{"id":258509,"date":"2024-11-30T12:15:04","date_gmt":"2024-11-30T16:15:04","guid":{"rendered":"https:\/\/elluchador.info\/?p=258509"},"modified":"2024-11-30T13:20:44","modified_gmt":"2024-11-30T17:20:44","slug":"maria-corina-machado-cuando-tocan-el-tema-de-la-familia-eso-es-otro-nivel","status":"publish","type":"post","link":"https:\/\/elluchador.info\/?p=258509","title":{"rendered":"Mar\u00eda Corina Machado: \u00abCuando tocan el tema de la familia, eso es otro nivel\u00bb"},"content":{"rendered":"\n<p>La l\u00edder opositora venezolana, Mar\u00eda Corina Machado, denunci\u00f3 un alarmante incremento en la persecuci\u00f3n por parte del gobierno, evidenciado por el asedio que su madre, Corina Parisca, habr\u00eda sufrido por parte del Servicio Bolivariano de Inteligencia Nacional (SEBIN).<\/p>\n\n\n\n<p>En una reciente entrevista con la periodista @goiazua en su canal de YouTube Goizeder Az\u00faa ESGOI, Mar\u00eda Corina Machado calific\u00f3 esta situaci\u00f3n como un ataque que trasciende lo habitual, afirmando que \u00abcuando tocan el tema de la familia, eso es otro nivel\u00bb.<\/p>\n\n\n\n<p>Este viernes se report\u00f3 que patrullas del SEBIN se estacionaron en repetidas ocasiones frente a la vivienda de su madre, con sirenas encendidas y funcionarios encapuchados merodeando el lugar. Seg\u00fan el Comando Con Vzla, estos veh\u00edculos permanecieron en el sitio durante aproximadamente media hora en cada ocasi\u00f3n, lo que gener\u00f3 un clima de temor y tensi\u00f3n.<\/p>\n\n\n\n<p>Machado expres\u00f3 su preocupaci\u00f3n por la seguridad de su madre, revelando que ha estado \u00abrezando mucho\u00bb para que no se materialicen los intentos del gobierno de infundir terror en su familia. \u00abEs algo muy serio, es otro nivel\u00bb, subray\u00f3, enfatizando el impacto emocional que esta situaci\u00f3n tiene en ella y su entorno familiar.<\/p>\n\n\n\n<p>Con informaci\u00f3n <strong><em><mark style=\"background-color:rgba(0, 0, 0, 0)\" class=\"has-inline-color has-vivid-red-color\">El Informador<\/mark><\/em><\/strong><\/p>\n","protected":false},"excerpt":{"rendered":"<p>La l\u00edder opositora venezolana, Mar\u00eda Corina Machado, denunci\u00f3 un alarmante incremento en la persecuci\u00f3n por parte del gobierno, evidenciado por el asedio que su madre, Corina Parisca, habr\u00eda sufrido por parte del Servicio Bolivariano de Inteligencia Nacional (SEBIN). En una reciente entrevista con la periodista @goiazua en su canal de YouTube Goizeder Az\u00faa ESGOI, Mar\u00eda [&hellip;]<\/p>\n","protected":false},"author":33,"featured_media":258510,"comment_status":"closed","ping_status":"closed","sticky":false,"template":"","format":"standard","meta":{"footnotes":""},"categories":[5,11],"tags":[352,1577,94,105],"class_list":{"0":"post-258509","1":"post","2":"type-post","3":"status-publish","4":"format-standard","5":"has-post-thumbnail","7":"category-destacado","8":"category-politica","9":"tag-gobierno","10":"tag-maria-corina-machado","11":"tag-sebin","12":"tag-venezuela"},"_links":{"self":[{"href":"https:\/\/elluchador.info\/index.php?rest_route=\/wp\/v2\/posts\/258509","targetHints":{"allow":["GET"]}}],"collection":[{"href":"https:\/\/elluchador.info\/index.php?rest_route=\/wp\/v2\/posts"}],"about":[{"href":"https:\/\/elluchador.info\/index.php?rest_route=\/wp\/v2\/types\/post"}],"author":[{"embeddable":true,"href":"https:\/\/elluchador.info\/index.php?rest_route=\/wp\/v2\/users\/33"}],"replies":[{"embeddable":true,"href":"https:\/\/elluchador.info\/index.php?rest_route=%2Fwp%2Fv2%2Fcomments&post=258509"}],"version-history":[{"count":2,"href":"https:\/\/elluchador.info\/index.php?rest_route=\/wp\/v2\/posts\/258509\/revisions"}],"predecessor-version":[{"id":258524,"href":"https:\/\/elluchador.info\/index.php?rest_route=\/wp\/v2\/posts\/258509\/revisions\/258524"}],"wp:featuredmedia":[{"embeddable":true,"href":"https:\/\/elluchador.info\/index.php?rest_route=\/wp\/v2\/media\/258510"}],"wp:attachment":[{"href":"https:\/\/elluchador.info\/index.php?rest_route=%2Fwp%2Fv2%2Fmedia&parent=258509"}],"wp:term":[{"taxonomy":"category","embeddable":true,"href":"https:\/\/elluchador.info\/index.php?rest_route=%2Fwp%2Fv2%2Fcategories&post=258509"},{"taxonomy":"post_tag","embeddable":true,"href":"https:\/\/elluchador.info\/index.php?rest_route=%2Fwp%2Fv2%2Ftags&post=258509"}],"curies":[{"name":"wp","href":"https:\/\/api.w.org\/{rel}","templated":true}]}}