{"id":258512,"date":"2024-11-30T12:19:41","date_gmt":"2024-11-30T16:19:41","guid":{"rendered":"https:\/\/elluchador.info\/?p=258512"},"modified":"2024-11-30T12:19:45","modified_gmt":"2024-11-30T16:19:45","slug":"realizan-operacion-gran-cacique-guaicaipuro-en-dos-carceles-de-lara","status":"publish","type":"post","link":"https:\/\/elluchador.info\/?p=258512","title":{"rendered":"Realizan \u201cOperaci\u00f3n Gran Cacique Guaicaipuro\u201d en dos c\u00e1rceles de Lara"},"content":{"rendered":"\n<p>Los centros intervenidos en el estado Lara son la Comunidad Penitenciaria F\u00e9nix y el Centro Penitenciario David Viloria, ubicados en el sector Valles de Uribana.<\/p>\n\n\n\n<p>El viceministro del Sistema Integrado de Polic\u00eda, mayor general, Elio Estrada, confirm\u00f3 la informaci\u00f3n a trav\u00e9s de sus redes sociales e indic\u00f3 que se trata de un operativo especial denominado Gran Cacique Guaicaipuro.<\/p>\n\n\n\n<p>El despliegue monitorea el cumplimiento del r\u00e9gimen penitenciario y la aplicaci\u00f3n de servicios de atenci\u00f3n para los privados de libertad.<\/p>\n\n\n\n<p>Con informaci\u00f3n <strong><em><mark style=\"background-color:rgba(0, 0, 0, 0)\" class=\"has-inline-color has-luminous-vivid-orange-color\">\u00daR<\/mark><\/em><\/strong><\/p>\n","protected":false},"excerpt":{"rendered":"<p>Los centros intervenidos en el estado Lara son la Comunidad Penitenciaria F\u00e9nix y el Centro Penitenciario David Viloria, ubicados en el sector Valles de Uribana. El viceministro del Sistema Integrado de Polic\u00eda, mayor general, Elio Estrada, confirm\u00f3 la informaci\u00f3n a trav\u00e9s de sus redes sociales e indic\u00f3 que se trata de un operativo especial denominado [&hellip;]<\/p>\n","protected":false},"author":33,"featured_media":258513,"comment_status":"closed","ping_status":"closed","sticky":false,"template":"","format":"standard","meta":{"footnotes":""},"categories":[5,13],"tags":[2577,2578,394],"class_list":{"0":"post-258512","1":"post","2":"type-post","3":"status-publish","4":"format-standard","5":"has-post-thumbnail","7":"category-destacado","8":"category-sucesos","9":"tag-carceles","10":"tag-lara","11":"tag-presos"},"_links":{"self":[{"href":"https:\/\/elluchador.info\/index.php?rest_route=\/wp\/v2\/posts\/258512","targetHints":{"allow":["GET"]}}],"collection":[{"href":"https:\/\/elluchador.info\/index.php?rest_route=\/wp\/v2\/posts"}],"about":[{"href":"https:\/\/elluchador.info\/index.php?rest_route=\/wp\/v2\/types\/post"}],"author":[{"embeddable":true,"href":"https:\/\/elluchador.info\/index.php?rest_route=\/wp\/v2\/users\/33"}],"replies":[{"embeddable":true,"href":"https:\/\/elluchador.info\/index.php?rest_route=%2Fwp%2Fv2%2Fcomments&post=258512"}],"version-history":[{"count":1,"href":"https:\/\/elluchador.info\/index.php?rest_route=\/wp\/v2\/posts\/258512\/revisions"}],"predecessor-version":[{"id":258514,"href":"https:\/\/elluchador.info\/index.php?rest_route=\/wp\/v2\/posts\/258512\/revisions\/258514"}],"wp:featuredmedia":[{"embeddable":true,"href":"https:\/\/elluchador.info\/index.php?rest_route=\/wp\/v2\/media\/258513"}],"wp:attachment":[{"href":"https:\/\/elluchador.info\/index.php?rest_route=%2Fwp%2Fv2%2Fmedia&parent=258512"}],"wp:term":[{"taxonomy":"category","embeddable":true,"href":"https:\/\/elluchador.info\/index.php?rest_route=%2Fwp%2Fv2%2Fcategories&post=258512"},{"taxonomy":"post_tag","embeddable":true,"href":"https:\/\/elluchador.info\/index.php?rest_route=%2Fwp%2Fv2%2Ftags&post=258512"}],"curies":[{"name":"wp","href":"https:\/\/api.w.org\/{rel}","templated":true}]}}