{"id":258644,"date":"2024-12-01T12:05:00","date_gmt":"2024-12-01T16:05:00","guid":{"rendered":"https:\/\/elluchador.info\/?p=258644"},"modified":"2024-12-01T11:47:13","modified_gmt":"2024-12-01T15:47:13","slug":"marea-humana-en-valencia-exige-renuncia-de-mazon-por-ineficiencia-ante-la-dana","status":"publish","type":"post","link":"https:\/\/elluchador.info\/?p=258644","title":{"rendered":"Marea humana en Valencia exige renuncia de Maz\u00f3n por ineficiencia ante la DANA"},"content":{"rendered":"\n<p>Decenas de miles de personas volvieron a salir este s\u00e1bado a las calles de Valencia (Espa\u00f1a), con el objetivo de denunciar que, un mes despu\u00e9s de la DANA, los afectados siguen sin tener cubiertas sus necesidades b\u00e1sicas, as\u00ed como pedir la dimisi\u00f3n del presidente de la Generalitat, Carlos Maz\u00f3n. En ese sentido, los manifestantes expresaron de nuevo su rabia e indignaci\u00f3n en las calles por la actuaci\u00f3n de las autoridades.<\/p>\n\n\n\n<p>De manera pac\u00edfica, los participantes coreaban consignas como \u201cMaz\u00f3n dimisi\u00f3n\u201d \u201cMaz\u00f3n a prisi\u00f3n\u201d, \u201cEl presidente, a Picassent\u201d, \u201cNo son muertos, son asesinatos\u201d, \u201cMaz\u00f3n com\u00eda, el pueblo se ahogaba\u201d, \u201cNo nos avisaron a tiempo\u201d o \u201casesino\u201d. Asimismo, mostraban pancartas con lemas como \u201cMaz\u00f3n, ni olvido ni perd\u00f3n\u201d, \u201cNo estamos todos, faltan los que hab\u00e9is ahogado\u201d o \u201cMaz\u00f3n, fas m\u00e9s por que una tron\u00e0\u201d (Maz\u00f3n, das m\u00e1s miedo que una tormenta).<\/p>\n\n\n\n<p>En ese orden de ideas, exigieron su dimisi\u00f3n y la de su Consell por \u201cno saber estar a la altura de las circunstancias\u201d; el replanteamiento de las pol\u00edticas econ\u00f3micas; la activaci\u00f3n de medidas concretas de ordenaci\u00f3n del territorio y frente al cambio clim\u00e1tico; la adopci\u00f3n y consideraci\u00f3n del derecho a la vivienda como una de las prioridades centrales de este cambio de direcci\u00f3n.<\/p>\n\n\n\n<p>Una vez finalizada la protesta y ante la imposibilidad de acceder a las calles que van a dar al Palau de la Generalitat, los manifestantes optaron por depositar sus pancartas en la valla que rodea el jard\u00edn de este edificio, as\u00ed como botas llenas de barro, escobas o equipos de protecci\u00f3n, y lanzaron barro contra la cerca del edificio.<\/p>\n\n\n\n<p><strong>Con informaci\u00f3n de Medios Internacionales<\/strong><a href=\"https:\/\/www.vtv.gob.ve\/marea-humana-exige-renuncia-mazon-ineficiencia-dana\/\"><\/a><\/p>\n","protected":false},"excerpt":{"rendered":"<p>Decenas de miles de personas volvieron a salir este s\u00e1bado a las calles de Valencia (Espa\u00f1a), con el objetivo de denunciar que, un mes despu\u00e9s de la DANA, los afectados siguen sin tener cubiertas sus necesidades b\u00e1sicas, as\u00ed como pedir la dimisi\u00f3n del presidente de la Generalitat, Carlos Maz\u00f3n. En ese sentido, los manifestantes expresaron [&hellip;]<\/p>\n","protected":false},"author":2,"featured_media":258645,"comment_status":"closed","ping_status":"closed","sticky":false,"template":"","format":"standard","meta":{"footnotes":""},"categories":[8],"tags":[],"class_list":{"0":"post-258644","1":"post","2":"type-post","3":"status-publish","4":"format-standard","5":"has-post-thumbnail","7":"category-internacionales"},"_links":{"self":[{"href":"https:\/\/elluchador.info\/index.php?rest_route=\/wp\/v2\/posts\/258644","targetHints":{"allow":["GET"]}}],"collection":[{"href":"https:\/\/elluchador.info\/index.php?rest_route=\/wp\/v2\/posts"}],"about":[{"href":"https:\/\/elluchador.info\/index.php?rest_route=\/wp\/v2\/types\/post"}],"author":[{"embeddable":true,"href":"https:\/\/elluchador.info\/index.php?rest_route=\/wp\/v2\/users\/2"}],"replies":[{"embeddable":true,"href":"https:\/\/elluchador.info\/index.php?rest_route=%2Fwp%2Fv2%2Fcomments&post=258644"}],"version-history":[{"count":1,"href":"https:\/\/elluchador.info\/index.php?rest_route=\/wp\/v2\/posts\/258644\/revisions"}],"predecessor-version":[{"id":258646,"href":"https:\/\/elluchador.info\/index.php?rest_route=\/wp\/v2\/posts\/258644\/revisions\/258646"}],"wp:featuredmedia":[{"embeddable":true,"href":"https:\/\/elluchador.info\/index.php?rest_route=\/wp\/v2\/media\/258645"}],"wp:attachment":[{"href":"https:\/\/elluchador.info\/index.php?rest_route=%2Fwp%2Fv2%2Fmedia&parent=258644"}],"wp:term":[{"taxonomy":"category","embeddable":true,"href":"https:\/\/elluchador.info\/index.php?rest_route=%2Fwp%2Fv2%2Fcategories&post=258644"},{"taxonomy":"post_tag","embeddable":true,"href":"https:\/\/elluchador.info\/index.php?rest_route=%2Fwp%2Fv2%2Ftags&post=258644"}],"curies":[{"name":"wp","href":"https:\/\/api.w.org\/{rel}","templated":true}]}}