{"id":258809,"date":"2024-12-02T17:50:57","date_gmt":"2024-12-02T21:50:57","guid":{"rendered":"https:\/\/elluchador.info\/?p=258809"},"modified":"2024-12-02T17:51:01","modified_gmt":"2024-12-02T21:51:01","slug":"tim-burton-y-johnny-depp-estarian-por-trabajar-en-un-iconico-proyecto","status":"publish","type":"post","link":"https:\/\/elluchador.info\/?p=258809","title":{"rendered":"Tim Burton y Johnny Depp estar\u00edan por trabajar en un ic\u00f3nico proyecto"},"content":{"rendered":"\n<p>Despu\u00e9s de una d\u00e9cada sin compartir cr\u00e9ditos, el cineasta estadounidense, Tim Burton, y el actor americano, Johnny Depp, anunciaron que muy pronto volver\u00e1n a trabajar juntos en un pr\u00f3ximo proyecto que estremecer\u00e1 a todos los fan\u00e1ticos de grandes colaboraciones entre ellos.<\/p>\n\n\n\n<p>En una entrevista durante el Festival Internacional de Cine de Marrakech, Burton declar\u00f3 que no descarta reunirse nuevamente con su viejo amigo y colaborador: \u00abEstoy seguro de que lo habr\u00e1. Normalmente, tiene que basarse en el proyecto en el que estoy trabajando. De eso se trata el cine. De colaborar y de intercambiar ideas con la gente que te rodea\u00bb, expres\u00f3 el director de 66 a\u00f1os.<\/p>\n\n\n\n<p>Por su parte, Depp, revel\u00f3 durante una sesi\u00f3n de preguntas y respuestas en el mismo festival que no le gustar\u00eda ser parte de una secuela de <em>\u00abEl joven manos de tijeras\u00bb, pues considera que esta cinta no necesita una segunda parte. \u00abHay ciertas pel\u00edculas de las que no quiero hacer una secuela. No quer\u00eda hacer una secuela de esa porque parec\u00eda algo \u00fanico\u00bb<\/em>, se\u00f1al\u00f3 el actor.<\/p>\n\n\n\n<p>Cabe recordar que Tim Burton y Johnny Depp han trabajado juntos en numerosos proyectos a lo largo de sus carreras, como: \u00abEl joven manos de tijeras\u00bb, \u00abEd Wood\u00bb, \u00abSleepy Hollow\u00bb y \u00abAlicia en el pa\u00eds de las maravillas\u00bb. Su \u00faltima cinta juntos fue \u00abSombras tenebrosas\u00bb en el a\u00f1o 2012, por lo que los fan\u00e1ticos se preguntan cu\u00e1ndo volver\u00e1n a trabajar en un proyecto tan grande como esos.<\/p>\n\n\n\n<p>Seg\u00fan el documental sobre la vida y obra de Tim Burton que se encuentra en producci\u00f3n, Depp expres\u00f3 que en un inicio dud\u00f3 en aceptar el papel protag\u00f3nico de \u00abEl joven manos de tijeras\u00bb debido a la gran competencia, pero finalmente decidi\u00f3 reunirse con el director y el resto es historia.<\/p>\n\n\n\n<p>\u00abPas\u00f3 por todo, cualquier cosa, de manera s\u00f3lida y lleg\u00f3 al n\u00facleo mismo de lo que soy. La escritura era hermosa. El personaje era hermoso. Lo que supongo que me atrajo emocionalmente fue que Edward era yo. Es exactamente lo que deber\u00eda estar haciendo\u00bb, expres\u00f3 Depp sobre su ic\u00f3nico papel.<\/p>\n\n\n\n<p>Con informaci\u00f3n <strong><em><mark style=\"background-color:rgba(0, 0, 0, 0)\" class=\"has-inline-color has-vivid-purple-color\">Vandal<\/mark><\/em><\/strong><\/p>\n","protected":false},"excerpt":{"rendered":"<p>Despu\u00e9s de una d\u00e9cada sin compartir cr\u00e9ditos, el cineasta estadounidense, Tim Burton, y el actor americano, Johnny Depp, anunciaron que muy pronto volver\u00e1n a trabajar juntos en un pr\u00f3ximo proyecto que estremecer\u00e1 a todos los fan\u00e1ticos de grandes colaboraciones entre ellos. En una entrevista durante el Festival Internacional de Cine de Marrakech, Burton declar\u00f3 que [&hellip;]<\/p>\n","protected":false},"author":33,"featured_media":258810,"comment_status":"closed","ping_status":"closed","sticky":false,"template":"","format":"standard","meta":{"footnotes":""},"categories":[7],"tags":[2589,2590],"class_list":{"0":"post-258809","1":"post","2":"type-post","3":"status-publish","4":"format-standard","5":"has-post-thumbnail","7":"category-entretenimiento","8":"tag-pelicula","9":"tag-secuela"},"_links":{"self":[{"href":"https:\/\/elluchador.info\/index.php?rest_route=\/wp\/v2\/posts\/258809","targetHints":{"allow":["GET"]}}],"collection":[{"href":"https:\/\/elluchador.info\/index.php?rest_route=\/wp\/v2\/posts"}],"about":[{"href":"https:\/\/elluchador.info\/index.php?rest_route=\/wp\/v2\/types\/post"}],"author":[{"embeddable":true,"href":"https:\/\/elluchador.info\/index.php?rest_route=\/wp\/v2\/users\/33"}],"replies":[{"embeddable":true,"href":"https:\/\/elluchador.info\/index.php?rest_route=%2Fwp%2Fv2%2Fcomments&post=258809"}],"version-history":[{"count":1,"href":"https:\/\/elluchador.info\/index.php?rest_route=\/wp\/v2\/posts\/258809\/revisions"}],"predecessor-version":[{"id":258811,"href":"https:\/\/elluchador.info\/index.php?rest_route=\/wp\/v2\/posts\/258809\/revisions\/258811"}],"wp:featuredmedia":[{"embeddable":true,"href":"https:\/\/elluchador.info\/index.php?rest_route=\/wp\/v2\/media\/258810"}],"wp:attachment":[{"href":"https:\/\/elluchador.info\/index.php?rest_route=%2Fwp%2Fv2%2Fmedia&parent=258809"}],"wp:term":[{"taxonomy":"category","embeddable":true,"href":"https:\/\/elluchador.info\/index.php?rest_route=%2Fwp%2Fv2%2Fcategories&post=258809"},{"taxonomy":"post_tag","embeddable":true,"href":"https:\/\/elluchador.info\/index.php?rest_route=%2Fwp%2Fv2%2Ftags&post=258809"}],"curies":[{"name":"wp","href":"https:\/\/api.w.org\/{rel}","templated":true}]}}