{"id":258948,"date":"2024-12-04T07:48:20","date_gmt":"2024-12-04T11:48:20","guid":{"rendered":"https:\/\/elluchador.info\/?p=258948"},"modified":"2024-12-04T07:48:24","modified_gmt":"2024-12-04T11:48:24","slug":"rawayana-y-cusica-fest-cancelan-concierto-en-venezuela","status":"publish","type":"post","link":"https:\/\/elluchador.info\/?p=258948","title":{"rendered":"Rawayana y Cusica Fest cancelan concierto en Venezuela"},"content":{"rendered":"\n<p>La empresa de m\u00fasica C\u00fasica anunci\u00f3 la cancelaci\u00f3n del concierto de Rawayana y C\u00fasica Fest 2024 en Venezuela, \u201cpor causas ajenas\u201d a su voluntad seg\u00fan se inform\u00f3 en un comunicado.<\/p>\n\n\n\n<p>Luego de un d\u00eda de incertidumbre por parte de los fan\u00e1ticos tras varias modificaciones en los conciertos de la agrupaci\u00f3n venezolana en el pa\u00eds, Cusica inform\u00f3 de la lamentable noticia. \u201cPor causas ajenas a nuestra voluntad, tomamos la decisi\u00f3n de cancelar el \u00abCusica Fest 2024\u00bb y \u00abQui\u00e9n trae las cornetas World Tour? (Caracas, Lecher\u00eda y Margarita)\u201d, dice parte del comunicado.<\/p>\n\n\n<div class=\"wp-block-image\">\n<figure class=\"aligncenter size-large is-resized\"><img loading=\"lazy\" decoding=\"async\" width=\"716\" height=\"1024\" src=\"https:\/\/elluchador.info\/wp-content\/uploads\/2024\/12\/Screenshot_20241204-073732-716x1024.jpg\" alt=\"\" class=\"wp-image-258949\" style=\"width:495px;height:auto\" srcset=\"https:\/\/elluchador.info\/wp-content\/uploads\/2024\/12\/Screenshot_20241204-073732-716x1024.jpg 716w, https:\/\/elluchador.info\/wp-content\/uploads\/2024\/12\/Screenshot_20241204-073732-210x300.jpg 210w, https:\/\/elluchador.info\/wp-content\/uploads\/2024\/12\/Screenshot_20241204-073732-768x1098.jpg 768w, https:\/\/elluchador.info\/wp-content\/uploads\/2024\/12\/Screenshot_20241204-073732-1074x1536.jpg 1074w, https:\/\/elluchador.info\/wp-content\/uploads\/2024\/12\/Screenshot_20241204-073732-150x214.jpg 150w, https:\/\/elluchador.info\/wp-content\/uploads\/2024\/12\/Screenshot_20241204-073732-300x429.jpg 300w, https:\/\/elluchador.info\/wp-content\/uploads\/2024\/12\/Screenshot_20241204-073732-696x995.jpg 696w, https:\/\/elluchador.info\/wp-content\/uploads\/2024\/12\/Screenshot_20241204-073732-1068x1527.jpg 1068w, https:\/\/elluchador.info\/wp-content\/uploads\/2024\/12\/Screenshot_20241204-073732.jpg 1080w\" sizes=\"auto, (max-width: 716px) 100vw, 716px\" \/><\/figure>\n<\/div>\n\n\n<p>La empresa inform\u00f3 que este 04 de diciembre, dar\u00e1n a conocer la informaci\u00f3n sobre el proceso del reembolso del dinero a quienes adquirieron las entradas de ambos eventos organizados por Cusica.<\/p>\n\n\n\n<p>Con informaci\u00f3n <strong><em><mark style=\"background-color:rgba(0, 0, 0, 0)\" class=\"has-inline-color has-vivid-red-color\">El Nacional<\/mark><\/em><\/strong><\/p>\n","protected":false},"excerpt":{"rendered":"<p>La empresa de m\u00fasica C\u00fasica anunci\u00f3 la cancelaci\u00f3n del concierto de Rawayana y C\u00fasica Fest 2024 en Venezuela, \u201cpor causas ajenas\u201d a su voluntad seg\u00fan se inform\u00f3 en un comunicado. Luego de un d\u00eda de incertidumbre por parte de los fan\u00e1ticos tras varias modificaciones en los conciertos de la agrupaci\u00f3n venezolana en el pa\u00eds, Cusica [&hellip;]<\/p>\n","protected":false},"author":33,"featured_media":258951,"comment_status":"closed","ping_status":"closed","sticky":false,"template":"","format":"standard","meta":{"footnotes":""},"categories":[5,7],"tags":[1604,2472,105],"class_list":{"0":"post-258948","1":"post","2":"type-post","3":"status-publish","4":"format-standard","5":"has-post-thumbnail","7":"category-destacado","8":"category-entretenimiento","9":"tag-concierto","10":"tag-rawayana","11":"tag-venezuela"},"_links":{"self":[{"href":"https:\/\/elluchador.info\/index.php?rest_route=\/wp\/v2\/posts\/258948","targetHints":{"allow":["GET"]}}],"collection":[{"href":"https:\/\/elluchador.info\/index.php?rest_route=\/wp\/v2\/posts"}],"about":[{"href":"https:\/\/elluchador.info\/index.php?rest_route=\/wp\/v2\/types\/post"}],"author":[{"embeddable":true,"href":"https:\/\/elluchador.info\/index.php?rest_route=\/wp\/v2\/users\/33"}],"replies":[{"embeddable":true,"href":"https:\/\/elluchador.info\/index.php?rest_route=%2Fwp%2Fv2%2Fcomments&post=258948"}],"version-history":[{"count":1,"href":"https:\/\/elluchador.info\/index.php?rest_route=\/wp\/v2\/posts\/258948\/revisions"}],"predecessor-version":[{"id":258952,"href":"https:\/\/elluchador.info\/index.php?rest_route=\/wp\/v2\/posts\/258948\/revisions\/258952"}],"wp:featuredmedia":[{"embeddable":true,"href":"https:\/\/elluchador.info\/index.php?rest_route=\/wp\/v2\/media\/258951"}],"wp:attachment":[{"href":"https:\/\/elluchador.info\/index.php?rest_route=%2Fwp%2Fv2%2Fmedia&parent=258948"}],"wp:term":[{"taxonomy":"category","embeddable":true,"href":"https:\/\/elluchador.info\/index.php?rest_route=%2Fwp%2Fv2%2Fcategories&post=258948"},{"taxonomy":"post_tag","embeddable":true,"href":"https:\/\/elluchador.info\/index.php?rest_route=%2Fwp%2Fv2%2Ftags&post=258948"}],"curies":[{"name":"wp","href":"https:\/\/api.w.org\/{rel}","templated":true}]}}