{"id":259058,"date":"2024-12-04T19:07:32","date_gmt":"2024-12-04T23:07:32","guid":{"rendered":"https:\/\/elluchador.info\/?p=259058"},"modified":"2024-12-04T19:07:36","modified_gmt":"2024-12-04T23:07:36","slug":"fetraharina-hay-suficiente-harina-para-elaborar-el-pan-de-jamon","status":"publish","type":"post","link":"https:\/\/elluchador.info\/?p=259058","title":{"rendered":"Fetraharina: Hay suficiente harina para elaborar el pan de jam\u00f3n"},"content":{"rendered":"\n<p>El presidente de la Federaci\u00f3n Nacional de Trabajadores de la Industria de la Harina (Fetraharina), Juan Crespo, inform\u00f3 que este a\u00f1o han registrado un incremento en la cantidad de materia prima para la producci\u00f3n del tradicional pan de jam\u00f3n para las navidades.<\/p>\n\n\n\n<p>\u00abHay suficiente harina para la elaboraci\u00f3n del pan\u00ab, asegur\u00f3 Crespo.<\/p>\n\n\n\n<p>El representante de Fetraharina insisti\u00f3 en que \u00abno se justifica\u00bb el costo del pan de jam\u00f3n y de otros rubros de las panader\u00edas porque el precio del saco de harina de trigo baj\u00f3 de 45 a 37 d\u00f3lares.<\/p>\n\n\n\n<p>Considera que el costo del pan navide\u00f1o deber\u00eda estar entre 8 y 9 d\u00f3lares, mientras que en algunas panader\u00edas cuestan hasta 15 d\u00f3lares.<\/p>\n\n\n\n<p>Crespo hizo un llamado al sector panadero a elaborar un pan de jam\u00f3n \u00absolidario\u00bb para que todos los venezolanos puedan incluir el rubro en el plato de la cena navide\u00f1a.<\/p>\n\n\n\n<p>Denunci\u00f3 la situaci\u00f3n que enfrentan los trabajadores de las panader\u00edas relacionado a los bajos sueldos, y sostuvo que mientras los precios est\u00e1n en d\u00f3lares, los empleados cobran salario m\u00ednimo.<\/p>\n\n\n\n<p>Con informaci\u00f3n <strong><em><mark style=\"background-color:rgba(0, 0, 0, 0)\" class=\"has-inline-color has-vivid-green-cyan-color\">\u00daR<\/mark><\/em><\/strong><\/p>\n","protected":false},"excerpt":{"rendered":"<p>El presidente de la Federaci\u00f3n Nacional de Trabajadores de la Industria de la Harina (Fetraharina), Juan Crespo, inform\u00f3 que este a\u00f1o han registrado un incremento en la cantidad de materia prima para la producci\u00f3n del tradicional pan de jam\u00f3n para las navidades. \u00abHay suficiente harina para la elaboraci\u00f3n del pan\u00ab, asegur\u00f3 Crespo. El representante de [&hellip;]<\/p>\n","protected":false},"author":33,"featured_media":259059,"comment_status":"closed","ping_status":"closed","sticky":false,"template":"","format":"standard","meta":{"footnotes":""},"categories":[6],"tags":[2612,2476],"class_list":{"0":"post-259058","1":"post","2":"type-post","3":"status-publish","4":"format-standard","5":"has-post-thumbnail","7":"category-economia","8":"tag-harina","9":"tag-pan-de-jamon"},"_links":{"self":[{"href":"https:\/\/elluchador.info\/index.php?rest_route=\/wp\/v2\/posts\/259058","targetHints":{"allow":["GET"]}}],"collection":[{"href":"https:\/\/elluchador.info\/index.php?rest_route=\/wp\/v2\/posts"}],"about":[{"href":"https:\/\/elluchador.info\/index.php?rest_route=\/wp\/v2\/types\/post"}],"author":[{"embeddable":true,"href":"https:\/\/elluchador.info\/index.php?rest_route=\/wp\/v2\/users\/33"}],"replies":[{"embeddable":true,"href":"https:\/\/elluchador.info\/index.php?rest_route=%2Fwp%2Fv2%2Fcomments&post=259058"}],"version-history":[{"count":1,"href":"https:\/\/elluchador.info\/index.php?rest_route=\/wp\/v2\/posts\/259058\/revisions"}],"predecessor-version":[{"id":259060,"href":"https:\/\/elluchador.info\/index.php?rest_route=\/wp\/v2\/posts\/259058\/revisions\/259060"}],"wp:featuredmedia":[{"embeddable":true,"href":"https:\/\/elluchador.info\/index.php?rest_route=\/wp\/v2\/media\/259059"}],"wp:attachment":[{"href":"https:\/\/elluchador.info\/index.php?rest_route=%2Fwp%2Fv2%2Fmedia&parent=259058"}],"wp:term":[{"taxonomy":"category","embeddable":true,"href":"https:\/\/elluchador.info\/index.php?rest_route=%2Fwp%2Fv2%2Fcategories&post=259058"},{"taxonomy":"post_tag","embeddable":true,"href":"https:\/\/elluchador.info\/index.php?rest_route=%2Fwp%2Fv2%2Ftags&post=259058"}],"curies":[{"name":"wp","href":"https:\/\/api.w.org\/{rel}","templated":true}]}}