{"id":259137,"date":"2024-12-05T12:37:08","date_gmt":"2024-12-05T16:37:08","guid":{"rendered":"https:\/\/elluchador.info\/?p=259137"},"modified":"2024-12-05T12:38:30","modified_gmt":"2024-12-05T16:38:30","slug":"desarrollar-diabetes-de-tipo-2-antes-de-los-50-anos-incrementa-el-riesgo-de-demencia","status":"publish","type":"post","link":"https:\/\/elluchador.info\/?p=259137","title":{"rendered":"Desarrollar diabetes de tipo 2 antes de los 50 a\u00f1os incrementa el riesgo de demencia"},"content":{"rendered":"\n<p>La\u00a0<strong>diabetes de tipo 2<\/strong>\u00a0es una condici\u00f3n que afecta principalmente a adultos de 45 o m\u00e1s a\u00f1os de edad. Sin embargo, en los \u00faltimos a\u00f1os en pa\u00edses desarrollados como Espa\u00f1a\u00a0se ha venido registrando un aumento de la incidencia\u00a0en personas menores de esta edad.<\/p>\n\n\n\n<p>M\u00e1s all\u00e1 de las propias consecuencias directas que tiene la diabetes de tipo 2, este trastorno es en s\u00ed mismo un\u00a0factor de riesgo de muchas enfermedades graves. Por ejemplo, se cree que puede incrementar de manera considerable las\u00a0<strong>probabilidades de padecer demencia.<\/strong><\/p>\n\n\n\n<h2 class=\"wp-block-heading\">La diabetes temprana y el riesgo de demencia<\/h2>\n\n\n\n<p>Esto es lo que acaba de confirmar un estudio llevado a cabo por investigadores de la Universidad de Nueva York (Estados Unidos) y publicado en la revista acad\u00e9mica de alto impacto\u00a0<em>PLOS ONE,\u00a0<\/em>que ha encontrado que los adultos que reciben un diagn\u00f3stico de diabetes antes de los 50 a\u00f1os de edad (y muy especialmente aquellos que tambi\u00e9n padecen obesidad, una comorbilidad muy com\u00fan de este tipo de diabetes) tienen<strong>\u00a0m\u00e1s posibilidades de recibir un diagn\u00f3stico de demencia<\/strong>\u00a0que aquellos a quienes se les diagnostica la diabetes m\u00e1s tarde en la vida.<\/p>\n\n\n\n<figure class=\"wp-block-image\"><img decoding=\"async\" src=\"https:\/\/imagenes.20minutos.es\/files\/image_320_180\/uploads\/imagenes\/2024\/11\/06\/el-alzheimer-es-la-forma-mas-comun-de-demencia-pero-existen-muchas-mas.jpeg\" alt=\"El alzh\u00e9imer es la forma m\u00e1s com\u00fan de demencia, pero existen muchas m\u00e1s\"\/><\/figure>\n\n\n\n<p>Para llegar a esta conclusi\u00f3n, los investigadores analizaron datos de cerca de&nbsp;<strong>1.200 adultos de m\u00e1s de 50 a\u00f1os<\/strong>&nbsp;del&nbsp;<em>Health &amp; Restirement Sudy&nbsp;<\/em>llevado a cabo por el Instituto de Investigaci\u00f3n Social de la Universidad de Michigan.&nbsp;<\/p>\n\n\n\n<p>Cuando se realiz\u00f3 ese primer estudio, todos los participantes estaban diagnosticados con diabetes de tipo 2, pero ninguno de ellos ten\u00eda un diagn\u00f3stico de demencia. Despu\u00e9s de un seguimiento medio sobre su estado de salud de diez a\u00f1os,<strong>&nbsp;un 18% de ellos hab\u00eda sido diagnosticado<\/strong>&nbsp;con la enfermedad neurodegenerativa.<\/p>\n\n\n\n<h2 class=\"wp-block-heading\">El papel de la obesidad<\/h2>\n\n\n\n<p>Al agrupar a los participantes en grupos en funci\u00f3n de la edad a la que recibieron el diagn\u00f3stico de diabetes de tipo 2 (antes de los 50 a\u00f1os de edad, entre los 50 y los 59 a\u00f1os de edad, entre los 60 y los 69 a\u00f1os de edad y a los 70 a\u00f1os o m\u00e1s) encontraron que, respecto a la media, aquellos que&nbsp;<strong>hab\u00edan desarrollado la diabetes antes de los 50 a\u00f1os<\/strong>&nbsp;ten\u00edan 1,9 veces m\u00e1s posibilidades de sufrir demencia. Recibir el diagn\u00f3stico de la diabetes entre los 50 y los 59 elevaba el riesgo en 1,72 veces y recibirlo entre los 60 y los 69 lo incrementaba en 1,7 veces.<\/p>\n\n\n\n<figure class=\"wp-block-image\"><img decoding=\"async\" src=\"https:\/\/imagenes.20minutos.es\/files\/image_320_180\/uploads\/imagenes\/2024\/10\/22\/correr-durante-media-hora-podria-ser-suficiente-para-mejorar-los-niveles-de-glucosa-en-sangre-y-la-sensibilidad-a-la-insulina-el-dia-siguiente-segun-un-estudio.jpeg\" alt=\"Correr durante media hora podr\u00eda ser suficiente para mejorar los niveles de glucosa en sangre y la sensibilidad a la insulina el d\u00eda siguiente, seg\u00fan un estudio.\"\/><\/figure>\n\n\n\n<p>Este resultado, opinan, resulta especialmente preocupante en un contexto en el que a nivel global se est\u00e1 detectando un aumento de los casos de\u00a0diabetes de tipo 2 de inicio temprano; as\u00ed, esta nueva evidencia podr\u00eda predecir\u00a0una ola a\u00fan mayor de casos de demencia\u00a0en el futuro, a medida que los<strong>\u00a0individuos envejezcan.<\/strong><\/p>\n\n\n\n<p>Adem\u00e1s, encontraron que la conexi\u00f3n era a\u00fan m\u00e1s estrecha en los casos de las personas que padec\u00edan obesidad; concretamente, las personas que fueron diagnosticadas con diabetes de tipo 2 antes de los 50 a\u00f1os de edad y&nbsp;<strong>padec\u00edan obesidad&nbsp;<\/strong>eran las que ten\u00edan un riesgo m\u00e1s elevado de sufrir demencia en el futuro.&nbsp;Dado que la incidencia de la obesidad tambi\u00e9n est\u00e1 aumentando en la poblaci\u00f3n joven, el efecto sobre los casos de demencia en el futuro podr\u00eda ser a\u00fan mayor.<\/p>\n\n\n\n<h2 class=\"wp-block-heading\">Varias oportunidades para la prevenci\u00f3n<\/h2>\n\n\n\n<p>M\u00e1s all\u00e1 de su valor descriptivo y predictivo, los investigadores creen que estas nuevas evidencias tienen aplicaciones pr\u00e1cticas claras. Por una parte, apuntan de manera obvia a un perfil de individuo que podr\u00eda necesitar una&nbsp;<strong>vigilancia especialmente exhaustiva&nbsp;<\/strong>de su estado de salud cognitiva.<\/p>\n\n\n\n<figure class=\"wp-block-image\"><img decoding=\"async\" src=\"https:\/\/imagenes.20minutos.es\/files\/image_320_180\/uploads\/imagenes\/2024\/10\/08\/la-circunferencia-abdominal-podria-ser-mas-relevante-que-el-peso-de-cara-al-riesgo-para-la-salud.jpeg\" alt=\"La circunferencia abdominal podr\u00eda ser m\u00e1s relevante que el peso de cara al riesgo para la salud.\"\/><\/figure>\n\n\n\n<p>Por otro lado, y aunque no se trata de un estudio que arroje relaciones de causalidad entre los fen\u00f3menos considerados, tambi\u00e9n sugieren varios aspectos que podr\u00edan ser<strong>&nbsp;objetivo de intervenciones preventivas&nbsp;<\/strong>contra la demencia.<\/p>\n\n\n\n<p>En \u00faltimo t\u00e9rmino, ser\u00e1 necesario estudiar de qu\u00e9 manera estas tres condiciones se influyen mutuamente para determinar exactamente cu\u00e1les son las principales \u00e1reas de oportunidad a nivel terap\u00e9utico y curativo. En cualquier caso, este tipo de investigaciones dan cuenta una vez m\u00e1s de la importancia de\u00a0<strong>protegernos contra la obesidad y la diabetes de tipo 2<\/strong>, dos enfermedades que son en buena medida prevenibles mediante\u00a0modificaciones del estilo de vida.<\/p>\n\n\n\n<p> <strong><em>Con informaci\u00f3n de 20 Minutos.<\/em><\/strong><\/p>\n","protected":false},"excerpt":{"rendered":"<p>La\u00a0diabetes de tipo 2\u00a0es una condici\u00f3n que afecta principalmente a adultos de 45 o m\u00e1s a\u00f1os de edad. Sin embargo, en los \u00faltimos a\u00f1os en pa\u00edses desarrollados como Espa\u00f1a\u00a0se ha venido registrando un aumento de la incidencia\u00a0en personas menores de esta edad. M\u00e1s all\u00e1 de las propias consecuencias directas que tiene la diabetes de tipo [&hellip;]<\/p>\n","protected":false},"author":2,"featured_media":259136,"comment_status":"closed","ping_status":"closed","sticky":false,"template":"","format":"standard","meta":{"footnotes":""},"categories":[19],"tags":[],"class_list":{"0":"post-259137","1":"post","2":"type-post","3":"status-publish","4":"format-standard","5":"has-post-thumbnail","7":"category-salud"},"_links":{"self":[{"href":"https:\/\/elluchador.info\/index.php?rest_route=\/wp\/v2\/posts\/259137","targetHints":{"allow":["GET"]}}],"collection":[{"href":"https:\/\/elluchador.info\/index.php?rest_route=\/wp\/v2\/posts"}],"about":[{"href":"https:\/\/elluchador.info\/index.php?rest_route=\/wp\/v2\/types\/post"}],"author":[{"embeddable":true,"href":"https:\/\/elluchador.info\/index.php?rest_route=\/wp\/v2\/users\/2"}],"replies":[{"embeddable":true,"href":"https:\/\/elluchador.info\/index.php?rest_route=%2Fwp%2Fv2%2Fcomments&post=259137"}],"version-history":[{"count":1,"href":"https:\/\/elluchador.info\/index.php?rest_route=\/wp\/v2\/posts\/259137\/revisions"}],"predecessor-version":[{"id":259138,"href":"https:\/\/elluchador.info\/index.php?rest_route=\/wp\/v2\/posts\/259137\/revisions\/259138"}],"wp:featuredmedia":[{"embeddable":true,"href":"https:\/\/elluchador.info\/index.php?rest_route=\/wp\/v2\/media\/259136"}],"wp:attachment":[{"href":"https:\/\/elluchador.info\/index.php?rest_route=%2Fwp%2Fv2%2Fmedia&parent=259137"}],"wp:term":[{"taxonomy":"category","embeddable":true,"href":"https:\/\/elluchador.info\/index.php?rest_route=%2Fwp%2Fv2%2Fcategories&post=259137"},{"taxonomy":"post_tag","embeddable":true,"href":"https:\/\/elluchador.info\/index.php?rest_route=%2Fwp%2Fv2%2Ftags&post=259137"}],"curies":[{"name":"wp","href":"https:\/\/api.w.org\/{rel}","templated":true}]}}