{"id":259146,"date":"2024-12-05T14:31:04","date_gmt":"2024-12-05T18:31:04","guid":{"rendered":"https:\/\/elluchador.info\/?p=259146"},"modified":"2024-12-05T14:31:26","modified_gmt":"2024-12-05T18:31:26","slug":"comision-de-energia-de-la-an-operaciones-del-complejo-gasifero-muscar-se-han-recuperado-en-un-80","status":"publish","type":"post","link":"https:\/\/elluchador.info\/?p=259146","title":{"rendered":"Comisi\u00f3n de Energ\u00eda de la AN: Operaciones del Complejo Gas\u00edfero Muscar se han recuperado en un 80%"},"content":{"rendered":"\n<p>La Comisi\u00f3n Permanente de Energ\u00eda y Petr\u00f3leo de la Asamblea Nacional (AN), a trav\u00e9s de la subcomisi\u00f3n de Petroqu\u00edmica, inform\u00f3 que las operaciones del Complejo Gas\u00edfero Muscar, ubicado en el estado Monagas, se han recuperado en un 80%.<br><br>En ese sentido, el presidente de la comisi\u00f3n, diputado \u00c1ngel Rodr\u00edguez, estim\u00f3 que para mediados de este mes de diciembre, pudiera alcanzar el 100% de operatividad.<br><br>Manifest\u00f3 que el atentado terrorista contra las instalaciones ha dejado \u00abgraves repercusiones\u00bb para los venezolanos.<br><br>Sin embargo, Rodr\u00edguez destac\u00f3 la labor realizada por los trabajadores, quienes han contribuido para superar esa situaci\u00f3n.<br><br>\u00abExpresamos nuestro reconocimiento a los trabajadores y a las trabajadoras de la industria petrolera, quienes con valent\u00eda y compromiso han logrado restablecer la operatividad en el Complejo Gas\u00edfero\u00bb, enfatiz\u00f3.<br><br><strong><em>Con informaci\u00f3n de Nota de Prensa<\/em><\/strong><\/p>\n\n\n\n<p><\/p>\n","protected":false},"excerpt":{"rendered":"<p>La Comisi\u00f3n Permanente de Energ\u00eda y Petr\u00f3leo de la Asamblea Nacional (AN), a trav\u00e9s de la subcomisi\u00f3n de Petroqu\u00edmica, inform\u00f3 que las operaciones del Complejo Gas\u00edfero Muscar, ubicado en el estado Monagas, se han recuperado en un 80%. En ese sentido, el presidente de la comisi\u00f3n, diputado \u00c1ngel Rodr\u00edguez, estim\u00f3 que para mediados de este [&hellip;]<\/p>\n","protected":false},"author":2,"featured_media":259145,"comment_status":"closed","ping_status":"closed","sticky":false,"template":"","format":"standard","meta":{"footnotes":""},"categories":[5,6],"tags":[],"class_list":{"0":"post-259146","1":"post","2":"type-post","3":"status-publish","4":"format-standard","5":"has-post-thumbnail","7":"category-destacado","8":"category-economia"},"_links":{"self":[{"href":"https:\/\/elluchador.info\/index.php?rest_route=\/wp\/v2\/posts\/259146","targetHints":{"allow":["GET"]}}],"collection":[{"href":"https:\/\/elluchador.info\/index.php?rest_route=\/wp\/v2\/posts"}],"about":[{"href":"https:\/\/elluchador.info\/index.php?rest_route=\/wp\/v2\/types\/post"}],"author":[{"embeddable":true,"href":"https:\/\/elluchador.info\/index.php?rest_route=\/wp\/v2\/users\/2"}],"replies":[{"embeddable":true,"href":"https:\/\/elluchador.info\/index.php?rest_route=%2Fwp%2Fv2%2Fcomments&post=259146"}],"version-history":[{"count":1,"href":"https:\/\/elluchador.info\/index.php?rest_route=\/wp\/v2\/posts\/259146\/revisions"}],"predecessor-version":[{"id":259147,"href":"https:\/\/elluchador.info\/index.php?rest_route=\/wp\/v2\/posts\/259146\/revisions\/259147"}],"wp:featuredmedia":[{"embeddable":true,"href":"https:\/\/elluchador.info\/index.php?rest_route=\/wp\/v2\/media\/259145"}],"wp:attachment":[{"href":"https:\/\/elluchador.info\/index.php?rest_route=%2Fwp%2Fv2%2Fmedia&parent=259146"}],"wp:term":[{"taxonomy":"category","embeddable":true,"href":"https:\/\/elluchador.info\/index.php?rest_route=%2Fwp%2Fv2%2Fcategories&post=259146"},{"taxonomy":"post_tag","embeddable":true,"href":"https:\/\/elluchador.info\/index.php?rest_route=%2Fwp%2Fv2%2Ftags&post=259146"}],"curies":[{"name":"wp","href":"https:\/\/api.w.org\/{rel}","templated":true}]}}