{"id":259193,"date":"2024-12-05T19:29:01","date_gmt":"2024-12-05T23:29:01","guid":{"rendered":"https:\/\/elluchador.info\/?p=259193"},"modified":"2024-12-05T19:29:05","modified_gmt":"2024-12-05T23:29:05","slug":"gustavo-dudamel-dirigira-en-reapertura-de-notre-dame","status":"publish","type":"post","link":"https:\/\/elluchador.info\/?p=259193","title":{"rendered":"Gustavo Dudamel dirigir\u00e1 en reapertura de Notre Dame"},"content":{"rendered":"\n<p>Gustavo Dudamel consigue otro gran triunfo en su exitosa carrera. El maestro venezolano ser\u00e1 uno de los m\u00fasicos y artistas que formar\u00e1n parte del espect\u00e1culo que celebrar\u00e1 la reapertura de la catedral de Notre Dame de Par\u00eds, que se llevar\u00e1 a cabo la noche de este s\u00e1bado 7 de diciembre.<\/p>\n\n\n\n<p>La reapertura de Notre Dame, cuyo tejado se incendi\u00f3 y se desplom\u00f3 el 15 de abril de 2019, era un objetivo personal del presidente Emmanuel Macron. El gobierno franc\u00e9s, de hecho, anunci\u00f3 que se prev\u00e9 la asistencia de cerca de 50 jefes de Estado, seg\u00fan rese\u00f1\u00f3 AP. En ese grupo estar\u00e1 Donald Trump, presidente electo de Estados Unidos.<\/p>\n\n\n\n<p>Adem\u00e1s de Dudamel, el evento musical, que combinar\u00e1 m\u00fasica cl\u00e1sica y pop, contar\u00e1 con la participaci\u00f3n de destacados artistas como el pianista Lang Lang, los cantantes franceses Clara Luciani, Vianney o la vocalista beninesa Angelique Kidjo.<\/p>\n\n\n\n<h4 class=\"wp-block-heading\"><strong>Sin confirmar<\/strong><\/h4>\n\n\n\n<p>Medios franceses destacan tambi\u00e9n m\u00faltiples rumores sobre una participaci\u00f3n sorpresa del legendario ex beatle Paul McCartney, quien est\u00e1 en la capital gala para sus conciertos en el Paris La D\u00e9fense Arena de Nanterre.<\/p>\n\n\n\n<p>\u201cMe siento profundamente honrado de actuar en la reapertura de la catedral de Notre Dame de Par\u00eds, dirigiendo a la Orchestre Philharmonique de Radio France junto a Lang Lang, Angelique Kidjo, Clara Luciani, Vianney, Khatia Buniatishvili, Benjamin Bernheim y Garou, y otros\u201d, escribi\u00f3 el director de orquesta barquisimetano en su perfil de Instagram.<\/p>\n\n\n\n<p>\u201cEsta actuaci\u00f3n especial se retransmitir\u00e1 internacionalmente. Para m\u00e1s informaci\u00f3n, consulte su programaci\u00f3n local. La retransmisi\u00f3n tambi\u00e9n estar\u00e1 disponible gratuitamente a trav\u00e9s de Stage+ de @dgclassics\u201d, destaca el texto compartido por el larense.<\/p>\n\n\n\n<h4 class=\"wp-block-heading\"><strong>Hasta 2030<\/strong><\/h4>\n\n\n\n<p>De acuerdo con AP, el proyecto de reconstrucci\u00f3n de Notre Dame continuar\u00e1 hasta 2030. El trabajo ha contado con un presupuesto de 700 millones de d\u00f3lares.<\/p>\n\n\n\n<p>Tras la reapertura oficial incluir\u00e1, con el concierto del s\u00e1bado, se celebrar\u00e1 una misa solemne el domingo. Al d\u00eda siguiente, el 8 de diciembre, se realizar\u00e1 una ceremonia para marcar la entrada al p\u00fablico en general.<\/p>\n\n\n\n<p>\u201c\u00a1Qu\u00e9 honor maestro! Chapeau\u201d; \u201cFelicitaciones a Dudamel. Nuestro gentilicio en el tope; \u201cOrgullo musical de Venezuela. La excelencia es lo primero. Gracias por ello, Dudamel\u201d; \u201cAplausos\u201d, fueron algunas de las reacciones de los internautas en la red social X.<\/p>\n\n\n\n<p>Dudamel, formado musicalmente en El Sistema, es actualmente el director musical de la orquesta Filarm\u00f3nica de Los \u00c1ngeles, as\u00ed como de la Orquesta Sinf\u00f3nica Sim\u00f3n Bol\u00edvar.<\/p>\n\n\n\n<p>El ganador de cinco Premios Grammy, asimismo, asumir\u00e1 en 2026 la direcci\u00f3n musical de la prestigiosa Orquesta Filarm\u00f3nica de Nueva York.<\/p>\n\n\n\n<p><strong><em>Con informaci\u00f3n de \u00daN.<\/em><\/strong><\/p>\n","protected":false},"excerpt":{"rendered":"<p>Gustavo Dudamel consigue otro gran triunfo en su exitosa carrera. El maestro venezolano ser\u00e1 uno de los m\u00fasicos y artistas que formar\u00e1n parte del espect\u00e1culo que celebrar\u00e1 la reapertura de la catedral de Notre Dame de Par\u00eds, que se llevar\u00e1 a cabo la noche de este s\u00e1bado 7 de diciembre. La reapertura de Notre Dame, [&hellip;]<\/p>\n","protected":false},"author":2,"featured_media":259194,"comment_status":"closed","ping_status":"closed","sticky":false,"template":"","format":"standard","meta":{"footnotes":""},"categories":[7],"tags":[],"class_list":{"0":"post-259193","1":"post","2":"type-post","3":"status-publish","4":"format-standard","5":"has-post-thumbnail","7":"category-entretenimiento"},"_links":{"self":[{"href":"https:\/\/elluchador.info\/index.php?rest_route=\/wp\/v2\/posts\/259193","targetHints":{"allow":["GET"]}}],"collection":[{"href":"https:\/\/elluchador.info\/index.php?rest_route=\/wp\/v2\/posts"}],"about":[{"href":"https:\/\/elluchador.info\/index.php?rest_route=\/wp\/v2\/types\/post"}],"author":[{"embeddable":true,"href":"https:\/\/elluchador.info\/index.php?rest_route=\/wp\/v2\/users\/2"}],"replies":[{"embeddable":true,"href":"https:\/\/elluchador.info\/index.php?rest_route=%2Fwp%2Fv2%2Fcomments&post=259193"}],"version-history":[{"count":1,"href":"https:\/\/elluchador.info\/index.php?rest_route=\/wp\/v2\/posts\/259193\/revisions"}],"predecessor-version":[{"id":259195,"href":"https:\/\/elluchador.info\/index.php?rest_route=\/wp\/v2\/posts\/259193\/revisions\/259195"}],"wp:featuredmedia":[{"embeddable":true,"href":"https:\/\/elluchador.info\/index.php?rest_route=\/wp\/v2\/media\/259194"}],"wp:attachment":[{"href":"https:\/\/elluchador.info\/index.php?rest_route=%2Fwp%2Fv2%2Fmedia&parent=259193"}],"wp:term":[{"taxonomy":"category","embeddable":true,"href":"https:\/\/elluchador.info\/index.php?rest_route=%2Fwp%2Fv2%2Fcategories&post=259193"},{"taxonomy":"post_tag","embeddable":true,"href":"https:\/\/elluchador.info\/index.php?rest_route=%2Fwp%2Fv2%2Ftags&post=259193"}],"curies":[{"name":"wp","href":"https:\/\/api.w.org\/{rel}","templated":true}]}}