{"id":259292,"date":"2024-12-06T17:14:22","date_gmt":"2024-12-06T21:14:22","guid":{"rendered":"https:\/\/elluchador.info\/?p=259292"},"modified":"2024-12-06T17:14:25","modified_gmt":"2024-12-06T21:14:25","slug":"el-callao-brilla-de-alegria-ministro-hector-silva-encendio-la-navidad-con-musica-tradicion-y-calipso","status":"publish","type":"post","link":"https:\/\/elluchador.info\/?p=259292","title":{"rendered":"\u00a1El Callao Brilla de Alegr\u00eda! Ministro H\u00e9ctor Silva Encendi\u00f3 la Navidad con M\u00fasica, Tradici\u00f3n y Calipso"},"content":{"rendered":"\n<p>El Callao, Bol\u00edvar. Al son del calipso y en una noche llena de luz, m\u00fasica y emociones, el pueblo de El Callao celebr\u00f3 el encendido navide\u00f1o de la Plaza Bol\u00edvar, liderado por el ministro del Poder Popular de Desarrollo Minero Ecol\u00f3gico, Dr. H\u00e9ctor Silva. Este evento marc\u00f3 el inicio oficial de las festividades decembrinas, convirti\u00e9ndose en un homenaje al esp\u00edritu trabajador y alegre de los mineros venezolanos.<\/p>\n\n\n\n<p>Desde las primeras horas de la tarde, una vibrante comparsa recorri\u00f3 las calles, partiendo de la Plaza El Minero hasta la ic\u00f3nica Plaza Bol\u00edvar. Al ritmo contagioso del calipso, hombres, mujeres y ni\u00f1os se unieron a la celebraci\u00f3n, mostrando con orgullo sus tradiciones culturales, fortalecidas por las pol\u00edticas culturales del gobierno bolivariano.<\/p>\n\n\n\n<p>En su discurso, el ministro H\u00e9ctor Silva resalt\u00f3 la importancia de los mineros como guardianes de la riqueza mineral del pa\u00eds y portadores de la soberan\u00eda nacional. \u201cHoy, el presidente Nicol\u00e1s Maduro les env\u00eda este regalo como muestra de reconocimiento a su labor incansable, que fortalece nuestra econom\u00eda y nos llena de orgullo patrio. \u00a1Viva el pueblo minero de Venezuela!\u201d, expres\u00f3 Silva, desatando aplausos y v\u00edtores entre los asistentes.<\/p>\n\n\n\n<p>La noche se llen\u00f3 de m\u00fasica y alegr\u00eda con la participaci\u00f3n del Tren Gaitero de Ferrominera, la agrupaci\u00f3n The Same People, y los talentos de Gio Fern\u00e1ndez y Cristian Maza. Cada presentaci\u00f3n musical aviv\u00f3 el esp\u00edritu festivo, mientras el encendido de las luces iluminaba la plaza, simbolizando paz y esperanza.<\/p>\n\n\n\n<p>\u00abSomos un pueblo que, a pesar de las adversidades, celebra con alegr\u00eda y uni\u00f3n nuestras tradiciones, mostrando al mundo que Venezuela es tierra de paz y felicidad\u00bb, concluy\u00f3 el ministro, destacando la fortaleza del pueblo de El Callao.<\/p>\n\n\n\n<p>El encendido navide\u00f1o no solo dio inicio a las fiestas decembrinas, sino que reafirm\u00f3 el compromiso del gobierno bolivariano con el rescate de las tradiciones culturales y el bienestar de las comunidades.<\/p>\n\n\n\n<p><strong><em>Con informaci\u00f3n de Prensa Miner\u00eda<\/em><\/strong><\/p>\n","protected":false},"excerpt":{"rendered":"<p>El Callao, Bol\u00edvar. Al son del calipso y en una noche llena de luz, m\u00fasica y emociones, el pueblo de El Callao celebr\u00f3 el encendido navide\u00f1o de la Plaza Bol\u00edvar, liderado por el ministro del Poder Popular de Desarrollo Minero Ecol\u00f3gico, Dr. H\u00e9ctor Silva. Este evento marc\u00f3 el inicio oficial de las festividades decembrinas, convirti\u00e9ndose [&hellip;]<\/p>\n","protected":false},"author":2,"featured_media":259293,"comment_status":"closed","ping_status":"closed","sticky":false,"template":"","format":"standard","meta":{"footnotes":""},"categories":[12],"tags":[],"class_list":{"0":"post-259292","1":"post","2":"type-post","3":"status-publish","4":"format-standard","5":"has-post-thumbnail","7":"category-regionales"},"_links":{"self":[{"href":"https:\/\/elluchador.info\/index.php?rest_route=\/wp\/v2\/posts\/259292","targetHints":{"allow":["GET"]}}],"collection":[{"href":"https:\/\/elluchador.info\/index.php?rest_route=\/wp\/v2\/posts"}],"about":[{"href":"https:\/\/elluchador.info\/index.php?rest_route=\/wp\/v2\/types\/post"}],"author":[{"embeddable":true,"href":"https:\/\/elluchador.info\/index.php?rest_route=\/wp\/v2\/users\/2"}],"replies":[{"embeddable":true,"href":"https:\/\/elluchador.info\/index.php?rest_route=%2Fwp%2Fv2%2Fcomments&post=259292"}],"version-history":[{"count":1,"href":"https:\/\/elluchador.info\/index.php?rest_route=\/wp\/v2\/posts\/259292\/revisions"}],"predecessor-version":[{"id":259294,"href":"https:\/\/elluchador.info\/index.php?rest_route=\/wp\/v2\/posts\/259292\/revisions\/259294"}],"wp:featuredmedia":[{"embeddable":true,"href":"https:\/\/elluchador.info\/index.php?rest_route=\/wp\/v2\/media\/259293"}],"wp:attachment":[{"href":"https:\/\/elluchador.info\/index.php?rest_route=%2Fwp%2Fv2%2Fmedia&parent=259292"}],"wp:term":[{"taxonomy":"category","embeddable":true,"href":"https:\/\/elluchador.info\/index.php?rest_route=%2Fwp%2Fv2%2Fcategories&post=259292"},{"taxonomy":"post_tag","embeddable":true,"href":"https:\/\/elluchador.info\/index.php?rest_route=%2Fwp%2Fv2%2Ftags&post=259292"}],"curies":[{"name":"wp","href":"https:\/\/api.w.org\/{rel}","templated":true}]}}