{"id":259314,"date":"2024-12-06T19:02:58","date_gmt":"2024-12-06T23:02:58","guid":{"rendered":"https:\/\/elluchador.info\/?p=259314"},"modified":"2024-12-06T19:03:55","modified_gmt":"2024-12-06T23:03:55","slug":"panama-ingresa-como-estado-asociado-al-mercosur","status":"publish","type":"post","link":"https:\/\/elluchador.info\/?p=259314","title":{"rendered":"Panam\u00e1 ingresa como Estado Asociado al Mercosur"},"content":{"rendered":"\n<p>Panam\u00e1 ingres\u00f3 formalmente este viernes 6D, como Estado Asociado al Mercosur, &nbsp;luego de que el presidente de la Rep\u00fablica, Jos\u00e9 Ra\u00fal Mulino, firmara el Acuerdo de Complementaci\u00f3n Econ\u00f3mica entre los Estados Parte del Mercosur signatarios del Tratado de Asunci\u00f3n y la Rep\u00fablica de Panam\u00e1, as\u00ed como el acta de adhesi\u00f3n de Panam\u00e1 al Protocolo de Ushuaia sobre Compromiso Democr\u00e1tico en el Mercosur, la Rep\u00fablica de Bolivia y la Rep\u00fablica de Chile.<\/p>\n\n\n\n<p>La incorporaci\u00f3n como Estado Asociado le da a Panam\u00e1 el acceso a un bloque que representa la quinta econom\u00eda del mundo con $4.5 millones de en producto interno bruto y abarca a m\u00e1s de 271 millones de habitantes.<\/p>\n\n\n\n<p>Mulino aprovech\u00f3 el escenario de la 65\u00b0 Cumbre de Jefes de Estados del Mercosur celebrada en la ciudad de Montevideo Uruguay, para destacar que Panam\u00e1 no es, ni ser\u00e1 un para\u00edso fiscal, por lo que no merece estar en listas discriminatorias. Y sostuvo que tiene como objetivo sacar al pa\u00eds de estas listas, rese\u00f1a el medio local\u00a0Prensa.<\/p>\n\n\n\n<p>\u201cPanam\u00e1 no es ni ser\u00e1 un para\u00edso fiscal. Somos un pa\u00eds colaborador con un sistema competitivo en t\u00e9rminos bancarios y fiscales, con un enorme compromiso social y con la libertad econ\u00f3mica. Somos un pa\u00eds abierto y que el pr\u00f3ximo a\u00f1o ocupar\u00e1 un lugar en el Consejo de Seguridad de las Naciones como miembro no permanente\u201d, dijo el mandatario frente a sus hom\u00f3logos del Mercosur.<\/p>\n\n\n\n<p>Mulino dijo que es un momento hist\u00f3rico para el pa\u00eds asociarse al bloque del sur con quienes esperan reforzar el intercambio comercial.<\/p>\n\n\n\n<p>\u201cNosotros tenemos experiencia en log\u00edstica y en aumentar la competitividad del comercio mundial. Somos complementarios y debemos potenciarnos, tenemos la oportunidad de fortalecer juntos el desarrollo de nuestras naciones\u201d, dijo.<\/p>\n\n\n\n<p>Por su parte el ministro de Comercio e Industrias, Julio Molt\u00f3, destac\u00f3 que para Panam\u00e1 esta asociaci\u00f3n con el Mercosur incluye el acceso a acuerdos preferenciales de comercio, facilitando el intercambio de bienes y servicios, as\u00ed como la colaboraci\u00f3n en proyectos de infraestructura y desarrollo sostenible.<\/p>\n\n\n\n<p>Adem\u00e1s, Molt\u00f3 indic\u00f3 que ser un Estado Asociado le permite a la parte paname\u00f1a participar en reuniones y foros donde se discuten pol\u00edticas que afectan a la regi\u00f3n.<\/p>\n\n\n\n<p>En contra parte, \u201cPanam\u00e1 aportar\u00e1 al Mercosur nuestras conexiones financieras y log\u00edsticas, con el Canal de Panam\u00e1 como una ruta clave en el comercio mundial\u201d.<\/p>\n\n\n\n<p>A esto se suman grandes proyectos que han causado el inter\u00e9s en el Mercosur, entre ellos el tren David-Panam\u00e1, la canalizaci\u00f3n del R\u00edo Indio y la construcci\u00f3n de la tercera pista del Aeropuerto de Tocumen, obras que mejorar\u00e1n nuestra infraestructura y potenciar\u00e1n nuestra capacidad para ser un puente comercial entre las naciones del Mercosur y el resto del mundo, resalt\u00f3 Molt\u00f3.<\/p>\n\n\n\n<p><strong><em>Con informaci\u00f3n de EI.<\/em><\/strong><\/p>\n","protected":false},"excerpt":{"rendered":"<p>Panam\u00e1 ingres\u00f3 formalmente este viernes 6D, como Estado Asociado al Mercosur, &nbsp;luego de que el presidente de la Rep\u00fablica, Jos\u00e9 Ra\u00fal Mulino, firmara el Acuerdo de Complementaci\u00f3n Econ\u00f3mica entre los Estados Parte del Mercosur signatarios del Tratado de Asunci\u00f3n y la Rep\u00fablica de Panam\u00e1, as\u00ed como el acta de adhesi\u00f3n de Panam\u00e1 al Protocolo de [&hellip;]<\/p>\n","protected":false},"author":2,"featured_media":259313,"comment_status":"closed","ping_status":"closed","sticky":false,"template":"","format":"standard","meta":{"footnotes":""},"categories":[8],"tags":[],"class_list":{"0":"post-259314","1":"post","2":"type-post","3":"status-publish","4":"format-standard","5":"has-post-thumbnail","7":"category-internacionales"},"_links":{"self":[{"href":"https:\/\/elluchador.info\/index.php?rest_route=\/wp\/v2\/posts\/259314","targetHints":{"allow":["GET"]}}],"collection":[{"href":"https:\/\/elluchador.info\/index.php?rest_route=\/wp\/v2\/posts"}],"about":[{"href":"https:\/\/elluchador.info\/index.php?rest_route=\/wp\/v2\/types\/post"}],"author":[{"embeddable":true,"href":"https:\/\/elluchador.info\/index.php?rest_route=\/wp\/v2\/users\/2"}],"replies":[{"embeddable":true,"href":"https:\/\/elluchador.info\/index.php?rest_route=%2Fwp%2Fv2%2Fcomments&post=259314"}],"version-history":[{"count":1,"href":"https:\/\/elluchador.info\/index.php?rest_route=\/wp\/v2\/posts\/259314\/revisions"}],"predecessor-version":[{"id":259315,"href":"https:\/\/elluchador.info\/index.php?rest_route=\/wp\/v2\/posts\/259314\/revisions\/259315"}],"wp:featuredmedia":[{"embeddable":true,"href":"https:\/\/elluchador.info\/index.php?rest_route=\/wp\/v2\/media\/259313"}],"wp:attachment":[{"href":"https:\/\/elluchador.info\/index.php?rest_route=%2Fwp%2Fv2%2Fmedia&parent=259314"}],"wp:term":[{"taxonomy":"category","embeddable":true,"href":"https:\/\/elluchador.info\/index.php?rest_route=%2Fwp%2Fv2%2Fcategories&post=259314"},{"taxonomy":"post_tag","embeddable":true,"href":"https:\/\/elluchador.info\/index.php?rest_route=%2Fwp%2Fv2%2Ftags&post=259314"}],"curies":[{"name":"wp","href":"https:\/\/api.w.org\/{rel}","templated":true}]}}