{"id":259320,"date":"2024-12-07T09:01:06","date_gmt":"2024-12-07T13:01:06","guid":{"rendered":"https:\/\/elluchador.info\/?p=259320"},"modified":"2024-12-07T09:01:09","modified_gmt":"2024-12-07T13:01:09","slug":"acuerdo-historico-entre-la-union-europea-y-mercosur","status":"publish","type":"post","link":"https:\/\/elluchador.info\/?p=259320","title":{"rendered":"Acuerdo hist\u00f3rico entre la Uni\u00f3n Europea y Mercosur"},"content":{"rendered":"\n<p>El Mercosur y la Uni\u00f3n Europea cerraron este viernes en Montevideo (Uruguay) el texto de un tratado de libre comercio despu\u00e9s de casi 25 a\u00f1os de negociaciones.<\/p>\n\n\n\n<p>Entre las distintas propuestas durante la cumbre, el presidente de Argentina, Javier Milei, propone flexibilizar el Mercosur para beneficiar a cada pa\u00eds<\/p>\n\n\n\n<p>\u00abNuestra presidencia explorar\u00e1 un r\u00e9gimen de mayor flexibilidad y autonom\u00eda comercial para los integrantes del bloque, para que cada uno pueda entablar acuerdos comerciales que le resulten convenientes\u00bb, asegur\u00f3 el el presidente de Argentina en Montevideo durante la 65 cumbre del Mercosur, al asumir la presidencia pro t\u00e9mpore del bloque hasta mediados del a\u00f1o pr\u00f3ximo.<\/p>\n\n\n\n<p>\u00abQue cada pa\u00eds pueda determinar hasta d\u00f3nde s\u00ed y hasta d\u00f3nde no, haci\u00e9ndose eco de las necesidades de su propia poblaci\u00f3n, entendiendo que el bloque se beneficia del beneficio de sus integrantes\u00bb, enfatiz\u00f3.<\/p>\n\n\n\n<p><strong>Panam\u00e1 ingresa al Mercosur como Estado asociado<\/strong><\/p>\n\n\n\n<p>Panam\u00e1 formaliz\u00f3 su ingreso al Mercosur como Estado asociado, una categor\u00eda que no le da voz ni voto en el grupo, pero que acerca al bloque sure\u00f1o a un pa\u00eds clave en el comercio mundial.<\/p>\n\n\n\n<p>\u00abHoy hicimos historia. Panam\u00e1 es el primer pa\u00eds de Centroam\u00e9rica en unirse al Mercosur como Estado Asociado, conectando nuestra regi\u00f3n con un bloque de 271 millones de personas y $4.5 trillones en PIB\u00bb, celebr\u00f3 el presidente paname\u00f1o Jos\u00e9 Ra\u00fal Mulino en la red social X.<\/p>\n\n\n\n<p>\u00abNo es solo un acuerdo, es un compromiso con nuestra gente y con un futuro lleno de oportunidades. Hoy Panam\u00e1 lidera, une y avanza\u00bb, agreg\u00f3.<\/p>\n\n\n\n<p><strong>Espa\u00f1a saluda acuerdo con Mercosur<\/strong><\/p>\n\n\n\n<p>El presidente del Gobierno, Pedro S\u00e1nchez, ha calificado de hist\u00f3rico el acuerdo entre la Uni\u00f3n Europea y Mercosur, que ha dicho que servir\u00e1 para tender un \u00abpuente econ\u00f3mico\u00bb sin precedentes entre Europa y Am\u00e9rica Latina.<\/p>\n\n\n\n<p>S\u00e1nchez ha expresado en las redes sociales su satisfacci\u00f3n por ese acuerdo de libre comercio cerrado este viernes en Montevideo tras una negociaci\u00f3n de 25 a\u00f1os.<\/p>\n\n\n\n<p>El jefe del Ejecutivo ha garantizado que Espa\u00f1a trabajar\u00e1 para que este acuerdo sea aprobado por mayor\u00eda en el Consejo Europeo. \u00abLa apertura comercial con nuestros pa\u00edses hermanos latinoamericanos -ha a\u00f1adido- nos har\u00e1 a todos m\u00e1s pr\u00f3speros y m\u00e1s fuertes\u00bb.<\/p>\n\n\n\n<p>Por otro lado, la presidenta de la Comisi\u00f3n Europea, Ursula von der Leyen, se\u00f1al\u00f3 este viernes en Montevideo que escuch\u00f3 \u00ablas preocupaciones\u00bb del sector agropecuario europeo e incluy\u00f3 \u00absalvaguardas\u00bb en el texto de un tratado comercial acordado con el Mercosur.<\/p>\n\n\n\n<p>\u00abEste es un acuerdo beneficioso para los dos\u00bb bloques y \u00abaportar\u00e1 significativos beneficios a consumidores y empresas\u00bb si se aprueba, expres\u00f3 Von der Leyen al anunciar el final de las negociaciones para un TLC. \u00abEscuchamos las preocupaciones de nuestros agricultores y actuamos en consecuencia.<\/p>\n\n\n\n<p>Este acuerdo incluye robustas salvaguardas para proteger nuestro sustento\u00bb, explic\u00f3 en una declaraci\u00f3n a la prensa junto a los mandatarios del Mercosur.<\/p>\n\n\n\n<figure class=\"wp-block-embed is-type-rich is-provider-twitter wp-block-embed-twitter\"><div class=\"wp-block-embed__wrapper\">\n<blockquote class=\"twitter-tweet\" data-width=\"550\" data-dnt=\"true\"><p lang=\"en\" dir=\"ltr\">We have concluded the negotiations for the EU-Mercosur agreement.<br><br>It marks the beginning of a new story. <br><br>I now look forward to discussing it with EU countries.<br><br>This agreement will work for people and businesses.<br><br>More jobs. More choices. Shared prosperity. <a href=\"https:\/\/t.co\/4E9z1Ztamc\">pic.twitter.com\/4E9z1Ztamc<\/a><\/p>&mdash; Ursula von der Leyen (@vonderleyen) <a href=\"https:\/\/twitter.com\/vonderleyen\/status\/1865016638359191571?ref_src=twsrc%5Etfw\">December 6, 2024<\/a><\/blockquote><script async src=\"https:\/\/platform.twitter.com\/widgets.js\" charset=\"utf-8\"><\/script>\n<\/div><\/figure>\n\n\n\n<p>El acuerdo entre la Uni\u00f3n Europea y el Mercosur representa un oportuno impulso para la consolidaci\u00f3n del bloque suramericano, que en los \u00faltimos a\u00f1os ha estado sumido en intensas discusiones internas sobre las prioridades y estrategias para negociar acuerdos de libre comercio.<\/p>\n\n\n\n<p>El pacto no solo refuerza la posici\u00f3n del Mercosur en el escenario global, sino que tambi\u00e9n aporta claridad y direcci\u00f3n a sus esfuerzos para establecer relaciones comerciales s\u00f3lidas, superando divisiones internas y consolid\u00e1ndose como un actor relevante en el comercio internacional.<\/p>\n\n\n\n<p>\u00abEstamos en las etapas finales. Ojal\u00e1 los l\u00edderes puedan dar la decisi\u00f3n final de que se acord\u00f3 un texto. El texto est\u00e1 pr\u00e1cticamente pronto\u00bb, hab\u00eda antiipado el canciller uruguayo, Omar Paganini, tras la reuni\u00f3n Von der Leyen-Lacalle Pou.<\/p>\n\n\n\n<p>Y as\u00ed fue. Acto seguido Ursula von der Leyen se reuni\u00f3 con los presidentes de Argentina, Brasil, Paraguay y Uruguay y tras el encuentro el anuncio se convirti\u00f3 en oficial.<\/p>\n\n\n\n<p>El acuerdo es una \u00abclara respuesta\u00bb al fraccionamiento y la divisi\u00f3n, expres\u00f3 la presidenta de la Comisi\u00f3n Europea. Ambos bloques han logrado derribar barreras que permitir\u00e1n el ingreso de inversiones en un mercado de m\u00e1s de 700 millones de personas, agreg\u00f3.<\/p>\n\n\n\n<p>Por su parte, el presidente de Brasil, Luiz In\u00e1cio Lula da Silva, subray\u00f3 durante su discurso en la Cumbre de Presidentes, que el acuerdo comercial es un texto \u00abequilibrado\u00bb que reconoce las \u00abcredenciales ambientales\u00bb del bloque sudamericano.<\/p>\n\n\n\n<p>Y tambi\u00e9n enfatiz\u00f3 que los pa\u00edses miembros del Mercosur han invertido un \u00abenorme capital pol\u00edtico y diplom\u00e1tico\u00bb para negociar el tratado.<\/p>\n\n\n\n<p>Con informaci\u00f3n <strong><em><mark style=\"background-color:rgba(0, 0, 0, 0)\" class=\"has-inline-color has-vivid-green-cyan-color\">Agencias<\/mark><\/em><\/strong><\/p>\n","protected":false},"excerpt":{"rendered":"<p>El Mercosur y la Uni\u00f3n Europea cerraron este viernes en Montevideo (Uruguay) el texto de un tratado de libre comercio despu\u00e9s de casi 25 a\u00f1os de negociaciones. Entre las distintas propuestas durante la cumbre, el presidente de Argentina, Javier Milei, propone flexibilizar el Mercosur para beneficiar a cada pa\u00eds \u00abNuestra presidencia explorar\u00e1 un r\u00e9gimen de [&hellip;]<\/p>\n","protected":false},"author":33,"featured_media":259321,"comment_status":"closed","ping_status":"closed","sticky":false,"template":"","format":"standard","meta":{"footnotes":""},"categories":[5,8],"tags":[636,2618,197],"class_list":{"0":"post-259320","1":"post","2":"type-post","3":"status-publish","4":"format-standard","5":"has-post-thumbnail","7":"category-destacado","8":"category-internacionales","9":"tag-cumbre","10":"tag-mercosur","11":"tag-ue"},"_links":{"self":[{"href":"https:\/\/elluchador.info\/index.php?rest_route=\/wp\/v2\/posts\/259320","targetHints":{"allow":["GET"]}}],"collection":[{"href":"https:\/\/elluchador.info\/index.php?rest_route=\/wp\/v2\/posts"}],"about":[{"href":"https:\/\/elluchador.info\/index.php?rest_route=\/wp\/v2\/types\/post"}],"author":[{"embeddable":true,"href":"https:\/\/elluchador.info\/index.php?rest_route=\/wp\/v2\/users\/33"}],"replies":[{"embeddable":true,"href":"https:\/\/elluchador.info\/index.php?rest_route=%2Fwp%2Fv2%2Fcomments&post=259320"}],"version-history":[{"count":1,"href":"https:\/\/elluchador.info\/index.php?rest_route=\/wp\/v2\/posts\/259320\/revisions"}],"predecessor-version":[{"id":259322,"href":"https:\/\/elluchador.info\/index.php?rest_route=\/wp\/v2\/posts\/259320\/revisions\/259322"}],"wp:featuredmedia":[{"embeddable":true,"href":"https:\/\/elluchador.info\/index.php?rest_route=\/wp\/v2\/media\/259321"}],"wp:attachment":[{"href":"https:\/\/elluchador.info\/index.php?rest_route=%2Fwp%2Fv2%2Fmedia&parent=259320"}],"wp:term":[{"taxonomy":"category","embeddable":true,"href":"https:\/\/elluchador.info\/index.php?rest_route=%2Fwp%2Fv2%2Fcategories&post=259320"},{"taxonomy":"post_tag","embeddable":true,"href":"https:\/\/elluchador.info\/index.php?rest_route=%2Fwp%2Fv2%2Ftags&post=259320"}],"curies":[{"name":"wp","href":"https:\/\/api.w.org\/{rel}","templated":true}]}}