{"id":259385,"date":"2024-12-07T14:29:53","date_gmt":"2024-12-07T18:29:53","guid":{"rendered":"https:\/\/elluchador.info\/?p=259385"},"modified":"2024-12-07T14:29:56","modified_gmt":"2024-12-07T18:29:56","slug":"estos-son-los-mejores-cortes-de-cabello-para-disimular-las-canas-segun-estilista-profesional","status":"publish","type":"post","link":"https:\/\/elluchador.info\/?p=259385","title":{"rendered":"Estos son los mejores cortes de cabello para disimular las canas, seg\u00fan estilista profesional"},"content":{"rendered":"\n<p>El paso del tiempo trae consigo cambios naturales en nuestro cabello, como la&nbsp;<strong>aparici\u00f3n de canas.<\/strong>&nbsp;Pero esto no tiene por qu\u00e9 ser motivo de preocupaci\u00f3n con los cortes y peinados adecuados, es posible lucir una melena moderna y estilizada que integre estas tonalidades de manera arm\u00f3nica. Seg\u00fan<strong>&nbsp;Mar\u00eda Jos\u00e9 Llata<\/strong>, directora de la Peluquer\u00eda Llata Carrera y presidenta de Intercoiffure Espa\u00f1a, las melenas onduladas y rizadas son las aliadas perfectas para disimular las canas.<\/p>\n\n\n\n<p>La textura del cabello juega un papel crucial, las&nbsp;<strong>ondas y rizos<\/strong>&nbsp;tienen la ventaja de difuminar los contrastes entre los mechones blancos y los pigmentados, logrando un efecto visual m\u00e1s uniforme. Mar\u00eda Llata asegura que este tipo de melena no solo ayuda a camuflar las canas, sino que tambi\u00e9n aporta frescura y dinamismo al rostro, siendo una excelente opci\u00f3n para quienes buscan un&nbsp;<strong>look m\u00e1s juvenil o rejuvenecedor.<\/strong><\/p>\n\n\n\n<p>Pero no todo se reduce a la textura, elegir el corte de cabello correcto tambi\u00e9n es fundamental para conseguir un estilo favorecedor. Entre las tendencias actuales destacan los cortes con capas, flequillos cortina y desfilados, ideales para a\u00f1adir movimiento y volumen a la melena. Adem\u00e1s, el uso de accesorios como<strong>\u00a0cintas, coleteros o diademas\u00a0<\/strong>puede complementar el estilo, adapt\u00e1ndolo a cada personalidad y outfit.<\/p>\n\n\n\n<h2 class=\"wp-block-heading\">Los cortes de pelo que difuminan las canas<\/h2>\n\n\n\n<p>Seg\u00fan el sitio web especializado en tendencias capilares InStyle, el largo de la melena no es determinante a la hora de elegir un estilo favorecedor. A continuaci\u00f3n, los cinco cortes que destacan no solo por su modernidad, sino tambi\u00e9n por su gran versatilidad.<\/p>\n\n\n\n<ul class=\"wp-block-list\">\n<li><strong>Wavy Bob o Blunt Bob<\/strong>: el cabello corto sigue siendo uno de los estilos favoritos de las celebridades, adem\u00e1s de que nunca pasa de moda, este corte se caracteriza por llegar a la altura de la mand\u00edbula o ligeramente por debajo de ella. Seg\u00fan la experta, \u201cEn melenas con canas, apuesta por el wavy lob para suavizar el rostro y estilizar los m\u00e1s alargados; y el blunt bob, en cabellos lisos y rostros m\u00e1s redondeados.\u201d<\/li>\n\n\n\n<li><strong>Pixie:<\/strong>\u00a0es ideal si se busca un estilo que alargue visualmente las facciones. Se caracteriza por tener la parte superior m\u00e1s larga, lo que aporta volumen, y favorece especialmente a los rostros cuadrados y redondos; sin embargo, Llata sugiere que los rostros alargados y rectangulares opten por otras opciones.<\/li>\n\n\n\n<li><strong>Shaggy:<\/strong>\u00a0Mar\u00eda Jos\u00e9 Llata recomienda este corte capeado, fresco y desenfadado, especialmente en cabellos ondulados y rizados, para que se aprecie el movimiento natural del cabello.<\/li>\n\n\n\n<li><strong>Long Bob o Lob:<\/strong>\u00a0para los rostros ovalados o redondos, la especialista sugiere optar por el long bob o lob, que llega a la altura de los hombros. Este corte es f\u00e1cil de adaptar a todo tipo de texturas, desde las lisas hasta las m\u00e1s rizadas y rebeldes. Sin embargo, si se busca m\u00e1s densidad y el cabello es lacio, lo mejor ser\u00eda elegir un lob m\u00e1s tradicional.<\/li>\n\n\n\n<li><strong>Capas largas y flequillo desfilado:\u00a0<\/strong>de acuerdo con la presidenta de Intercoiffure Espa\u00f1a, las capas largas alrededor del rostro son recomendadas para suavizar las facciones y lograr un estilo moderno. No obstante, al tratarse de una melena m\u00e1s larga, este corte es mejor evitarlo en cabellos finos y lacios.<\/li>\n<\/ul>\n\n\n\n<h2 class=\"wp-block-heading\">\u00bfC\u00f3mo cuidar el pelo con canas?<\/h2>\n\n\n\n<p>Debido a que el cabello canoso tiende a ser m\u00e1s seco, quebradizo y propenso al encrespamiento, los expertos recomiendan optar por champ\u00fas y&nbsp;<strong>acondicionadores hidratantes<\/strong>, adem\u00e1s de productos anti-frizz para aplicar sobre el cabello h\u00famedo. Esto ayudar\u00e1 a mantener la textura suave y manejable, seg\u00fan apunta Eduardo S\u00e1nchez, director de Maison Eduardo S\u00e1nchez para&nbsp;<strong>Vogue Espa\u00f1a.<\/strong><\/p>\n\n\n\n<p>Al lavar el cabello canoso, es importante seguir una rutina de limpieza en tres pasos. Primero, se debe utilizar un champ\u00fa para eliminar residuos y<strong>&nbsp;toxinas acumuladas<\/strong>. Luego, aplica un segundo champ\u00fa con propiedades tratantes para<strong>&nbsp;nutrir y restaurar<\/strong>&nbsp;la salud del cabello. Finalmente, un acondicionador o mascarilla sellar\u00e1 la cut\u00edcula, asegurando que el cabello se mantenga hidratado y brillante, como recomienda el experto de la peluquer\u00eda The Beauty Hair Concept (El concepto de bellea del cabello), Fran Gal\u00e1n.<\/p>\n\n\n\n<p>Para prevenir que las canas adquieran un tono amarillento, los&nbsp;<strong>champ\u00fas violetas&nbsp;<\/strong>son la mejor opci\u00f3n, ya que neutralizan los subtonos amarillos comunes en el cabello canoso. Sin embargo, estos productos deben ser usados con moderaci\u00f3n para evitar que se acumule<strong>&nbsp;pigmento azul&nbsp;<\/strong>en el cabello.<\/p>\n\n\n\n<p>Por otro lado, acudir a la peluquer\u00eda para matizar las canas regularmente puede ayudar a resaltar su brillo y belleza. En caso de que las canas no sean muy numerosas, se pueden utilizar coloraciones naturales que suavicen su aparici\u00f3n y se integren de forma m\u00e1s arm\u00f3nica con el resto del cabello. T\u00e9cnicas como los<strong>&nbsp;reflejos o luces<\/strong>&nbsp;pueden disimularlas de manera sutil, permitiendo que el crecimiento sea m\u00e1s natural y sin recurrir al tinte tradicional, como explica Fabi\u00e1n Gal\u00e1n.<\/p>\n\n\n\n<p><em><strong>Con informaci\u00f3n de Infobae.<\/strong><\/em><\/p>\n","protected":false},"excerpt":{"rendered":"<p>El paso del tiempo trae consigo cambios naturales en nuestro cabello, como la&nbsp;aparici\u00f3n de canas.&nbsp;Pero esto no tiene por qu\u00e9 ser motivo de preocupaci\u00f3n con los cortes y peinados adecuados, es posible lucir una melena moderna y estilizada que integre estas tonalidades de manera arm\u00f3nica. Seg\u00fan&nbsp;Mar\u00eda Jos\u00e9 Llata, directora de la Peluquer\u00eda Llata Carrera y [&hellip;]<\/p>\n","protected":false},"author":2,"featured_media":259386,"comment_status":"closed","ping_status":"closed","sticky":false,"template":"","format":"standard","meta":{"footnotes":""},"categories":[3],"tags":[],"class_list":{"0":"post-259385","1":"post","2":"type-post","3":"status-publish","4":"format-standard","5":"has-post-thumbnail","7":"category-curiosidades"},"_links":{"self":[{"href":"https:\/\/elluchador.info\/index.php?rest_route=\/wp\/v2\/posts\/259385","targetHints":{"allow":["GET"]}}],"collection":[{"href":"https:\/\/elluchador.info\/index.php?rest_route=\/wp\/v2\/posts"}],"about":[{"href":"https:\/\/elluchador.info\/index.php?rest_route=\/wp\/v2\/types\/post"}],"author":[{"embeddable":true,"href":"https:\/\/elluchador.info\/index.php?rest_route=\/wp\/v2\/users\/2"}],"replies":[{"embeddable":true,"href":"https:\/\/elluchador.info\/index.php?rest_route=%2Fwp%2Fv2%2Fcomments&post=259385"}],"version-history":[{"count":1,"href":"https:\/\/elluchador.info\/index.php?rest_route=\/wp\/v2\/posts\/259385\/revisions"}],"predecessor-version":[{"id":259387,"href":"https:\/\/elluchador.info\/index.php?rest_route=\/wp\/v2\/posts\/259385\/revisions\/259387"}],"wp:featuredmedia":[{"embeddable":true,"href":"https:\/\/elluchador.info\/index.php?rest_route=\/wp\/v2\/media\/259386"}],"wp:attachment":[{"href":"https:\/\/elluchador.info\/index.php?rest_route=%2Fwp%2Fv2%2Fmedia&parent=259385"}],"wp:term":[{"taxonomy":"category","embeddable":true,"href":"https:\/\/elluchador.info\/index.php?rest_route=%2Fwp%2Fv2%2Fcategories&post=259385"},{"taxonomy":"post_tag","embeddable":true,"href":"https:\/\/elluchador.info\/index.php?rest_route=%2Fwp%2Fv2%2Ftags&post=259385"}],"curies":[{"name":"wp","href":"https:\/\/api.w.org\/{rel}","templated":true}]}}