{"id":259477,"date":"2024-12-08T12:27:31","date_gmt":"2024-12-08T16:27:31","guid":{"rendered":"https:\/\/elluchador.info\/?p=259477"},"modified":"2024-12-08T12:27:39","modified_gmt":"2024-12-08T16:27:39","slug":"por-que-se-arma-hoy-el-arbolito-de-navidad-y-cuales-son-los-mas-iconicos-del-mundo","status":"publish","type":"post","link":"https:\/\/elluchador.info\/?p=259477","title":{"rendered":"Por qu\u00e9 se arma hoy el arbolito de navidad y cu\u00e1les son los m\u00e1s ic\u00f3nicos del mundo"},"content":{"rendered":"\n<p>La tradici\u00f3n de armar el \u00e1rbol de\u00a0<strong>Navidad\u00a0<\/strong>es una costumbre que se celebra en muchas partes del mundo, donde se considera un s\u00edmbolo de\u00a0<strong>esperanza, uni\u00f3n y alegr\u00eda<\/strong>\u00a0durante las festividades. Generalmente, se decoran con luces, esferas, estrellas y otros adornos, para crear un ambiente\u00a0<strong>c\u00e1lido y festivo<\/strong>.<\/p>\n\n\n\n<p>El acto de colocar el \u00e1rbol en el hogar, en especial en la v\u00edspera de Navidad, es un momento de&nbsp;<strong>encuentro familiar y reflexi\u00f3n<\/strong>, que marca el inicio de las celebraciones y un tiempo de renovaci\u00f3n. Pero, adem\u00e1s de los que se decoran en las casas, en diversas&nbsp;<strong>ciudades alrededor del mundo<\/strong>&nbsp;se erigen impresionantes \u00e1rboles de Navidad en<strong>&nbsp;espacios p\u00fablicos<\/strong>, donde la magnitud de las instalaciones y la creatividad en los adornos son verdaderas atracciones tur\u00edsticas.<\/p>\n\n\n\n<p>Estos<strong>&nbsp;\u00e1rboles,<\/strong>&nbsp;que suelen ser enormes y de gran belleza, son&nbsp;<strong>puntos de encuentro<\/strong>&nbsp;para locales y turistas, quienes se re\u00fanen a admirar las decoraciones y participar en las festividades. Esta tradici\u00f3n, tanto en el \u00e1mbito&nbsp;<strong>privado&nbsp;<\/strong>como&nbsp;<strong>p\u00fablico<\/strong>, es ahora un elemento esencial de la celebraci\u00f3n global de la&nbsp;<strong>Navidad<\/strong>, ya que ofrece un&nbsp;<strong>espect\u00e1culo visual&nbsp;<\/strong>que embellece y da vida a las ciudades durante esta temporada tan especial.<\/p>\n\n\n\n<h2 class=\"wp-block-heading\">Por qu\u00e9 se arma el arbolito de Navidad el 8 de diciembre<\/h2>\n\n\n\n<figure class=\"wp-block-image\"><img decoding=\"async\" src=\"https:\/\/www.infobae.com\/resizer\/v2\/MDHQFNRD5RB7TPE6BEF3I7FITQ.jpg?auth=b47a4bcece6b74578e94dfd5cf5339175a33f27aa644ed95a2ba7694157372a9&amp;smart=true&amp;width=350&amp;height=197&amp;quality=85\" alt=\"Decorar el \u00e1rbol el 8 de diciembre est\u00e1 ligado a la celebraci\u00f3n de la Inmaculada Concepci\u00f3n y al inicio del periodo de Adviento (Imagen Ilustrativa Infobae)\"\/><\/figure>\n\n\n\n<p>El&nbsp;<strong>8 de diciembre<\/strong>&nbsp;es una fecha especialmente significativa para muchas familias alrededor del mundo, ya que marca el inicio de las festividades navide\u00f1as con el&nbsp;<strong>armado del \u00e1rbol de Navidad<\/strong>. Esta tradici\u00f3n est\u00e1 estrechamente vinculada a la celebraci\u00f3n de la&nbsp;<strong>Inmaculada Concepci\u00f3n de la Virgen Mar\u00eda<\/strong>, fecha proclamada como dogma por el&nbsp;<strong>Papa P\u00edo IX&nbsp;<\/strong>en 1854, lo que marc\u00f3 un hito importante en la Iglesia Cat\u00f3lica.<\/p>\n\n\n\n<p>De esta manera, el \u00e1rbol tambi\u00e9n representa la&nbsp;<strong>pureza&nbsp;<\/strong>y la&nbsp;<strong>luz&nbsp;<\/strong>que la Virgen Mar\u00eda simboliza. Para muchos, esta fecha se considera un momento propicio para dar inicio a la preparaci\u00f3n del hogar para la Navidad, al colocar el \u00e1rbol como s\u00edmbolo de&nbsp;<strong>esperanza, fe y renovaci\u00f3n espiritual<\/strong>. Tambi\u00e9n coincide con el comienzo del periodo de&nbsp;<strong>Adviento<\/strong>, que abarca las semanas previas a la fecha del nacimiento de Jes\u00fas.<\/p>\n\n\n\n<p>En este sentido, armar el \u00e1rbol en esta fecha se convirti\u00f3 en una manera de comenzar oficialmente el conteo hacia la llegada de las fiestas, un momento de&nbsp;<strong>espera y preparaci\u00f3n<\/strong>. Para muchas familias, esta actividad no solo es una manifestaci\u00f3n religiosa, sino tambi\u00e9n un&nbsp;<strong>acto de uni\u00f3n<\/strong>, ya que es una ocasi\u00f3n para compartir y disfrutar del proceso de decoraci\u00f3n del \u00e1rbol, que se convierte en el&nbsp;<strong>centro de la celebraci\u00f3n&nbsp;<\/strong>navide\u00f1a en el hogar.<\/p>\n\n\n\n<figure class=\"wp-block-image\"><img decoding=\"async\" src=\"https:\/\/www.infobae.com\/resizer\/v2\/FIXSDDCKQRBMJCY2UP2EM4CUW4.png?auth=307976b2209697c1bbfb2d4d62d6f02688d683b685bc5dc68f72bbb6286bbbf9&amp;smart=true&amp;width=350&amp;height=197&amp;quality=85\" alt=\"En hogares y ciudades, los \u00e1rboles de Navidad unen elementos de fe, cultura y naturaleza, convirti\u00e9ndose en el centro de las festividades (Imagen ilustrativa Infobae)\"\/><\/figure>\n\n\n\n<p>Sin embargo, la tradici\u00f3n tambi\u00e9n tiene ra\u00edces m\u00e1s antiguas. En la cultura&nbsp;<strong>celta<\/strong>, los \u00e1rboles eran considerados&nbsp;<strong>s\u00edmbolos sagrados<\/strong>, asociados con la renovaci\u00f3n y la conexi\u00f3n con el mundo espiritual. Durante el&nbsp;<strong>solsticio de invierno<\/strong>, los celtas los adornaban con&nbsp;<strong>luces y decoraciones<\/strong>&nbsp;para honrar la vida y la naturaleza en medio del fr\u00edo y la oscuridad del invierno.<\/p>\n\n\n\n<p>Con el tiempo, se fusion\u00f3 con las celebraciones cristianas, y el 8 de diciembre se consolid\u00f3 como la&nbsp;<strong>fecha perfecta<\/strong>&nbsp;para dar inicio a la temporada navide\u00f1a, ya que une elementos de fe, naturaleza y cultura en un solo acto de celebraci\u00f3n.<\/p>\n\n\n\n<h2 class=\"wp-block-heading\">Los arbolitos de Navidad m\u00e1s ic\u00f3nicos del mundo<\/h2>\n\n\n\n<p><strong>\u00c1rbol de Gubbio (Italia)<\/strong><\/p>\n\n\n\n<figure class=\"wp-block-image\"><img decoding=\"async\" src=\"https:\/\/www.infobae.com\/resizer\/v2\/4XH3G5S53OIH3XQNQKXUCA6OX4.jpg?auth=fd83a8c482b7c46dbdf70c830c66f5c99cfc3b15ddc58dda0d4d455409b30832&amp;smart=true&amp;width=350&amp;height=233&amp;quality=85\" alt=\"El \u00e1rbol de Gubbio en Italia es el m\u00e1s grande del mundo, con 650 metros de altura, e ilumina la ladera del monte Ingino (REUTERS\/Yara Nardi)\"\/><\/figure>\n\n\n\n<p>El \u00e1rbol de Navidad de&nbsp;<strong>Gubbio<\/strong>, en Italia, es uno de los m\u00e1s grandes y espectaculares del mundo. No se arma de manera tradicional, sino que se ilumina directamente en las&nbsp;<strong>laderas del monte Ingino<\/strong>, sobre la ciudad medieval.<\/p>\n\n\n\n<p>Con una altura de m\u00e1s de&nbsp;<strong>650 metros<\/strong>&nbsp;y una longitud de unos&nbsp;<strong>350 metros<\/strong>, fue reconocido en&nbsp;<strong>1991&nbsp;<\/strong>por el&nbsp;<strong>Guinness World Record&nbsp;<\/strong>como el&nbsp;<strong>\u00e1rbol de Navidad m\u00e1s grande del planeta<\/strong>. Cada a\u00f1o, sus luces crean una figura impresionante que puede verse a una gran distancia. Su origen se remonta a&nbsp;<strong>1981<\/strong>, y la&nbsp;<strong>estrella&nbsp;<\/strong>que corona la figura se encuentra sobre la&nbsp;<strong>Bas\u00edlica de Sant\u2019Ubaldo<\/strong>, patr\u00f3n de la ciudad.<\/p>\n\n\n\n<h2 class=\"wp-block-heading\">\u00c1rbol de Dortmund (Alemania)<\/h2>\n\n\n\n<figure class=\"wp-block-image\"><img decoding=\"async\" src=\"https:\/\/www.infobae.com\/resizer\/v2\/5ELEGSWD4NANPLFTAEPS5GOS74.jpg?auth=5874788caea4ee620f922f273d80d37e2fbcb9f050c330b1e65ec16f5f16171e&amp;smart=true&amp;width=350&amp;height=197&amp;quality=85\" alt=\"En Dortmund, Alemania, el \u00e1rbol mide m\u00e1s de 45 metros y es el eje central del mercado navide\u00f1o que atrae a miles de visitantes (https:\/\/visit.dortmund.de\/)\"\/><\/figure>\n\n\n\n<p>El \u00e1rbol de Navidad de&nbsp;<strong>Dortmund&nbsp;<\/strong>se sit\u00faa en el centro de la ciudad. Este majestuoso abeto mide<strong>&nbsp;m\u00e1s de 45 metros de altura<\/strong>&nbsp;y se decora con miles de luces brillantes y adornos festivos.<\/p>\n\n\n\n<p>Cada a\u00f1o, atrae a miles de visitantes que disfrutan de su imponente presencia y de la atm\u00f3sfera navide\u00f1a que envuelve la ciudad. El \u00e1rbol es el principal s\u00edmbolo del famoso<strong>&nbsp;mercado de Navidad<\/strong>&nbsp;que se realiza en la ciudad, uno de los m\u00e1s grandes y tradicionales de Alemania, donde se celebran conciertos, actividades y se pueden encontrar&nbsp;<strong>productos t\u00edpicos de la temporada<\/strong>.<\/p>\n\n\n\n<h2 class=\"wp-block-heading\">\u00c1rbol de C\u00f3rdoba (Argentina)<\/h2>\n\n\n\n<figure class=\"wp-block-image\"><img decoding=\"async\" src=\"https:\/\/www.infobae.com\/resizer\/v2\/P4QMMJF7ANHRJDNOUS5T2BYXHA.jpeg?auth=d1a80e895154fe30c2aff9821ab5e2a2e7a8c6b2989b16ed74272fc2f180a447&amp;smart=true&amp;width=350&amp;height=233&amp;quality=85\" alt=\"El \u00e1rbol de C\u00f3rdoba, en Argentina, ubicado en el Parque Sarmiento, es un atractivo tur\u00edstico decorado con luces y eventos culturales (Gentileza: Gobierno de C\u00f3rdoba)\"\/><\/figure>\n\n\n\n<p>El \u00e1rbol de Navidad de&nbsp;<strong>C\u00f3rdoba<\/strong>, Argentina, es una de las principales atracciones de la ciudad durante la temporada navide\u00f1a. Ubicado en el&nbsp;<strong>Parque Sarmiento<\/strong>, en pleno centro de la ciudad, este \u00e1rbol gigante es un s\u00edmbolo de la festividad y el esp\u00edritu navide\u00f1o.<\/p>\n\n\n\n<p>Con sus impresionantes luces y decoraciones que visten al eje, el&nbsp;<strong>Faro del Bicentenario<\/strong>, el \u00e1rbol de C\u00f3rdoba se convierte en un punto de encuentro para residentes y turistas que disfrutan del ambiente festivo.<\/p>\n\n\n\n<p>Adem\u00e1s, suele ser parte de una serie de&nbsp;<strong>actividades culturales y eventos<\/strong>&nbsp;que animan las noches cordobesas en diciembre, destac\u00e1ndose como una tradici\u00f3n muy esperada por todos los habitantes de la ciudad.<\/p>\n\n\n\n<h2 class=\"wp-block-heading\">\u00c1rbol del Rockefeller Center (Nueva York, Estados Unidos)<\/h2>\n\n\n\n<figure class=\"wp-block-image\"><img decoding=\"async\" src=\"https:\/\/www.infobae.com\/resizer\/v2\/B6IZ6U5K5UI4ZLA5R4PPZMUH3E.jpg?auth=83b4cf2a7395770469419d7a14b8a0b77949e051717ca680c0b50a0863921c4a&amp;smart=true&amp;width=350&amp;height=233&amp;quality=85\" alt=\"El \u00e1rbol del Rockefeller Center en Nueva York destaca por sus 25 metros de altura y su iluminaci\u00f3n con miles de luces (REUTERS\/Caitlin Ochs)\"\/><\/figure>\n\n\n\n<p>El \u00e1rbol de Navidad del&nbsp;<strong>Rockefeller Center en Nueva York<\/strong>&nbsp;es uno de los m\u00e1s famosos y emblem\u00e1ticos del mundo. Cada a\u00f1o, desde&nbsp;<strong>1933<\/strong>, se erige en el coraz\u00f3n de Manhattan, iluminado por cerca de&nbsp;<strong>8 kil\u00f3metros de tiras de luces<\/strong>&nbsp;y decorado con una gran&nbsp;<strong>estrella&nbsp;<\/strong>confeccionada con&nbsp;<strong>cristales Swarovski&nbsp;<\/strong>en su cima.<\/p>\n\n\n\n<p>Con una altura que se encuentra alrededor de los&nbsp;<strong>25 metros<\/strong>, el \u00e1rbol es un s\u00edmbolo de la temporada navide\u00f1a en el paisaje neoyorkino. La&nbsp;<strong>ceremonia de encendido<\/strong>, que marca el inicio de las festividades, es un evento televisado y uno de los momentos m\u00e1s esperados del a\u00f1o. Rodeado por la famosa<strong>&nbsp;pista de patinaje sobre hielo<\/strong>, el \u00e1rbol del Rockefeller Center es un \u00edcono de la Navidad en Nueva York y una parada obligada para quienes visitan la ciudad durante las fiestas.<\/p>\n\n\n\n<h2 class=\"wp-block-heading\">\u00c1rbol de Galer\u00edas Lafayette (Francia)<\/h2>\n\n\n\n<figure class=\"wp-block-image\"><img decoding=\"async\" src=\"https:\/\/www.infobae.com\/resizer\/v2\/CABH3Z3UZ5NIYVT42XS37ERLEQ.jpg?auth=f099487336b645b2da9c4c1cdcd41f1a1a5a9730fb83ee29cad15da35b9b77f3&amp;smart=true&amp;width=350&amp;height=233&amp;quality=85\" alt=\"Las Galer\u00edas Lafayette en Par\u00eds presentan un \u00e1rbol tem\u00e1tico cada a\u00f1o, mediante el cual combinan creatividad, lujo y una experiencia navide\u00f1a completa (REUTERS\/Sarah Meyssonnier)\"\/><\/figure>\n\n\n\n<p>El \u00e1rbol de Navidad de las&nbsp;<strong>Galer\u00edas Lafayette<\/strong>, en Par\u00eds, es una de las tradiciones m\u00e1s encantadoras de la temporada navide\u00f1a en la capital francesa. Situado en el espectacular hall central del ic\u00f3nico centro comercial, la estructura se destaca por su impresionante dise\u00f1o y por su tama\u00f1o, rodeado por las&nbsp;<strong>elegantes vidrieras<\/strong>&nbsp;y la arquitectura Art Nouveau del edificio.<\/p>\n\n\n\n<p>El \u00e1rbol se decora de manera \u00fanica con&nbsp;<strong>un tema diferente cada a\u00f1o<\/strong>, con el que se combina creatividad y lujo. Adem\u00e1s, las Galer\u00edas Lafayette ofrecen una experiencia navide\u00f1a completa con sus&nbsp;<strong>vitrinas decoradas<\/strong>, por lo que convierten a la enorme decoraci\u00f3n central en un s\u00edmbolo del glamour y la magia de la Navidad parisina.<\/p>\n\n\n\n<p>Inspirado en escenas navide\u00f1as de vitrinas de los a\u00f1os 50 y en la restaurada fachada bizantina, el \u00e1rbol cuenta con<strong>&nbsp;20.000 luces programables<\/strong>&nbsp;y tecnolog\u00eda avanzada. En su cima, luces de fibra \u00f3ptica simulan&nbsp;<strong>fuegos artificiales<\/strong>. Cada 30 minutos, los visitantes pueden disfrutar de un espect\u00e1culo de sonido y luces.<\/p>\n\n\n\n<h2 class=\"wp-block-heading\">\u00c1rbol de la Ciudad Vieja de Praga (Rep\u00fablica Checa)<\/h2>\n\n\n\n<figure class=\"wp-block-image\"><img decoding=\"async\" src=\"https:\/\/www.infobae.com\/resizer\/v2\/II3VXHEOIQMN364UZ67QOOSMQM.jpg?auth=deaa46e8d2dc6868101fbb45c10bff0739c5c939eaaaf675a7e056bdcd0f4321&amp;smart=true&amp;width=350&amp;height=233&amp;quality=85\" alt=\"En Praga, el \u00e1rbol de la Plaza de la Ciudad Vieja marca el inicio de la Navidad y se rodea de mercados y actividades tradicionales (REUTERS\/David W Cerny)\"\/><\/figure>\n\n\n\n<p>Cada a\u00f1o, en la&nbsp;<strong>Plaza de la Ciudad Vieja<\/strong>, se erige un \u00e1rbol decorado con miles de luces y adornos tradicionales, rodeado de un ambiente festivo que llena de magia el coraz\u00f3n de la urbe. Se convierte en el centro de las celebraciones navide\u00f1as, acompa\u00f1ado de un&nbsp;<strong>mercado&nbsp;<\/strong>que ofrece productos artesanales, comida t\u00edpica y m\u00fasica en vivo.<\/p>\n\n\n\n<p>La&nbsp;<strong>ceremonia de encendido del \u00e1rbol&nbsp;<\/strong>es uno de los momentos m\u00e1s esperados, ya que marca el inicio de la temporada de Navidad en Praga, una ciudad famosa por su<strong>&nbsp;belleza medieval<\/strong>&nbsp;y su atm\u00f3sfera encantadora durante las fiestas.<\/p>\n\n\n\n<h2 class=\"wp-block-heading\">\u00c1rbol de R\u00edo de Janeiro (Brasil)<\/h2>\n\n\n\n<figure class=\"wp-block-image\"><img decoding=\"async\" src=\"https:\/\/www.infobae.com\/resizer\/v2\/C3IOGJZP2JHNDP322N3VBZZJ4A.jpg?auth=26ec1a02994c36f015c4eccde7817b53a527d65585d5b8c97f3f600f6d479728&amp;smart=true&amp;width=350&amp;height=233&amp;quality=85\" alt=\"El \u00e1rbol flotante de R\u00edo de Janeiro, en la laguna Rodrigo de Freitas, mide m\u00e1s de 70 metros y es un espect\u00e1culo visual \u00fanico (Mauro Pimentel \/ AFP)\"\/><\/figure>\n\n\n\n<p>El \u00e1rbol de Navidad de&nbsp;<strong>R\u00edo de Janeiro&nbsp;<\/strong>es uno de los m\u00e1s impresionantes del mundo y resalta por su&nbsp;<strong>originalidad y tama\u00f1o<\/strong>. Cada a\u00f1o, se alza en la laguna&nbsp;<strong>Rodrigo de Freitas<\/strong>, en un escenario \u00fanico rodeado de las monta\u00f1as y la playa de la ciudad.<\/p>\n\n\n\n<p>Se trata de un gigantesco&nbsp;<strong>\u00e1rbol flotante<\/strong>, que supera los&nbsp;<strong>70 metros de altura<\/strong>, est\u00e1 decorado con millones de luces y adornos que crean un espect\u00e1culo deslumbrante. Adem\u00e1s, es acompa\u00f1ado de una serie de<strong>&nbsp;eventos y conciertos<\/strong>&nbsp;que celebran la Navidad en un ambiente festivo y lleno de color.<\/p>\n\n\n\n<h2 class=\"wp-block-heading\">\u00c1rbol de la Plaza San Pedro (Vaticano)<\/h2>\n\n\n\n<figure class=\"wp-block-image\"><img decoding=\"async\" src=\"https:\/\/www.infobae.com\/resizer\/v2\/MVG4SUUO6IGBACU5RVG7VDP57M.jpg?auth=04b39a3a4ab87816f74d0a88a1f5e3f612ea2a36cc25c4986dea7e9333f9b095&amp;smart=true&amp;width=350&amp;height=233&amp;quality=85\" alt=\"En la Plaza de San Pedro, el Vaticano decora un gran \u00e1rbol de Navidad acompa\u00f1ado de un pesebre como s\u00edmbolo de paz y fraternidad (REUTERS\/Remo Casilli)\"\/><\/figure>\n\n\n\n<p>El \u00e1rbol de Navidad de la&nbsp;<strong>Plaza de San Pedro<\/strong>, en el&nbsp;<strong>Vaticano<\/strong>, es una de las tradiciones m\u00e1s esperadas y simb\u00f3licas. Cada a\u00f1o, un gran abeto o pino es colocado en el centro de la plaza, frente a la&nbsp;<strong>Bas\u00edlica de San Pedro<\/strong>, iluminado con luces y adornos que reflejan el esp\u00edritu cristiano.<\/p>\n\n\n\n<p>Su inauguraci\u00f3n es un evento solemne que atrae a miles de fieles y turistas. Adem\u00e1s, se acompa\u00f1a de un espectacular&nbsp;<strong>pesebre<\/strong>, y juntos conforman en un \u00edcono de&nbsp;<strong>esperanza, paz y fraternidad<\/strong>, en el coraz\u00f3n del Vaticano y de la Iglesia Cat\u00f3lica.<\/p>\n\n\n\n<h2 class=\"wp-block-heading\">\u00c1rbol de Vilna (Lituania)<\/h2>\n\n\n\n<figure class=\"wp-block-image\"><img decoding=\"async\" src=\"https:\/\/www.infobae.com\/resizer\/v2\/ZTJHNIAQCBGQVFIM6TUWZGGZS4.jpg?auth=585e1e8bb18d20cf2c5238ebf24b2d4cd976a7be975641a3f81fc8c16a5fce2a&amp;smart=true&amp;width=350&amp;height=233&amp;quality=85\" alt=\"En Vilna, Lituania, el \u00e1rbol navide\u00f1o y su mercado reflejan la historia y la magia de la ciudad en un ambiente festivo y acogedor (REUTERS\/Ints Kalnins)\"\/><\/figure>\n\n\n\n<p>El \u00e1rbol de Navidad de&nbsp;<strong>Vilna&nbsp;<\/strong>se coloca en la&nbsp;<strong>Plaza de la Catedral<\/strong>&nbsp;donde se transforma en un espectacular emblema. Suele tratarse de un abeto gigante decorado con miles de luces brillantes y adornos tradicionales.<\/p>\n\n\n\n<p>Adem\u00e1s de su belleza, est\u00e1 rodeado de un&nbsp;<strong>extenso mercado navide\u00f1o<\/strong>&nbsp;con productos artesanales, comida t\u00edpica y m\u00fasica festiva, que conforma un ambiente c\u00e1lido y acogedor. La iluminaci\u00f3n del \u00e1rbol, que marca el inicio oficial de las fiestas, atrae a miles de visitantes que disfrutan de la&nbsp;<strong>magia&nbsp;<\/strong>y la&nbsp;<strong>historia&nbsp;<\/strong>de la capital lituana durante las celebraciones de fin de a\u00f1o.<\/p>\n\n\n\n<h2 class=\"wp-block-heading\">\u00c1rbol de Estrasburgo (Francia)<\/h2>\n\n\n\n<figure class=\"wp-block-image\"><img decoding=\"async\" src=\"https:\/\/www.infobae.com\/resizer\/v2\/KLRTKWVGMIKBUVZMNU5HHFYJCI.jpg?auth=9e903f2a3ddfdc2878c37e94703a587c4ccb8d7fb152dfe897061a8befba8a6d&amp;smart=true&amp;width=350&amp;height=263&amp;quality=85\" alt=\"Con m\u00e1s de 30 metros de altura, el \u00e1rbol de Estrasburgo destaca por su elegante decoraci\u00f3n y su iluminaci\u00f3n que embellece la plaza principal (REUTERS\/Arnd Wiegmann)\"\/><\/figure>\n\n\n\n<p>El \u00e1rbol de Navidad de&nbsp;<strong>Estrasburgo<\/strong>, en Francia, se ubica en la plaza principal, lo que lo hace el coraz\u00f3n de las festividades. Es acompa\u00f1ado por uno de los<strong>&nbsp;mercados navide\u00f1os m\u00e1s antiguos&nbsp;<\/strong>y grandes del continente.<\/p>\n\n\n\n<p>Con su impresionante altura y su elegante decoraci\u00f3n, genera el ambiente festivo ideal para disfrutar de las celebraciones.<\/p>\n\n\n\n<h2 class=\"wp-block-heading\">\u00c1rbol de la Puerta del Sol (Madrid, Espa\u00f1a)<\/h2>\n\n\n\n<figure class=\"wp-block-image\"><img decoding=\"async\" src=\"https:\/\/www.infobae.com\/resizer\/v2\/VSLBT6I56ZGMDIZU3XLEELPQMA.jpg?auth=60cd6f9f3deec6de7ca4c811c706b2cc21f6e00fe3136bcc55637b126242e3de&amp;smart=true&amp;width=350&amp;height=233&amp;quality=85\" alt=\"El \u00e1rbol de la Puerta del Sol en Madrid se instala como parte central de las decoraciones navide\u00f1as, e ilumina una de las plazas m\u00e1s ic\u00f3nicas de Espa\u00f1a (Alberto Ortega \/ Europa Press)\"\/><\/figure>\n\n\n\n<p>El \u00e1rbol de Navidad de la&nbsp;<strong>Puerta del Sol&nbsp;<\/strong>se instala anualmente en el centro de la plaza, frente al famoso reloj que marca la tradicional celebraci\u00f3n de las&nbsp;<strong>Campanadas de Fin de A\u00f1o<\/strong>. Con una iluminaci\u00f3n espectacular y una decoraci\u00f3n moderna y tem\u00e1tica, tiene una presencia impactante.<\/p>\n\n\n\n<p>Su altura de alrededor de&nbsp;<strong>37 metros<\/strong>&nbsp;cuenta con cerca de&nbsp;<strong>3.000 esferas<\/strong>&nbsp;y una gran estrella que corona su cima.<\/p>\n\n\n\n<p><strong><em>Con informaci\u00f3n de Infobae.<\/em><\/strong><\/p>\n","protected":false},"excerpt":{"rendered":"<p>La tradici\u00f3n de armar el \u00e1rbol de\u00a0Navidad\u00a0es una costumbre que se celebra en muchas partes del mundo, donde se considera un s\u00edmbolo de\u00a0esperanza, uni\u00f3n y alegr\u00eda\u00a0durante las festividades. Generalmente, se decoran con luces, esferas, estrellas y otros adornos, para crear un ambiente\u00a0c\u00e1lido y festivo. El acto de colocar el \u00e1rbol en el hogar, en especial [&hellip;]<\/p>\n","protected":false},"author":2,"featured_media":259478,"comment_status":"closed","ping_status":"closed","sticky":false,"template":"","format":"standard","meta":{"footnotes":""},"categories":[3],"tags":[],"class_list":{"0":"post-259477","1":"post","2":"type-post","3":"status-publish","4":"format-standard","5":"has-post-thumbnail","7":"category-curiosidades"},"_links":{"self":[{"href":"https:\/\/elluchador.info\/index.php?rest_route=\/wp\/v2\/posts\/259477","targetHints":{"allow":["GET"]}}],"collection":[{"href":"https:\/\/elluchador.info\/index.php?rest_route=\/wp\/v2\/posts"}],"about":[{"href":"https:\/\/elluchador.info\/index.php?rest_route=\/wp\/v2\/types\/post"}],"author":[{"embeddable":true,"href":"https:\/\/elluchador.info\/index.php?rest_route=\/wp\/v2\/users\/2"}],"replies":[{"embeddable":true,"href":"https:\/\/elluchador.info\/index.php?rest_route=%2Fwp%2Fv2%2Fcomments&post=259477"}],"version-history":[{"count":1,"href":"https:\/\/elluchador.info\/index.php?rest_route=\/wp\/v2\/posts\/259477\/revisions"}],"predecessor-version":[{"id":259479,"href":"https:\/\/elluchador.info\/index.php?rest_route=\/wp\/v2\/posts\/259477\/revisions\/259479"}],"wp:featuredmedia":[{"embeddable":true,"href":"https:\/\/elluchador.info\/index.php?rest_route=\/wp\/v2\/media\/259478"}],"wp:attachment":[{"href":"https:\/\/elluchador.info\/index.php?rest_route=%2Fwp%2Fv2%2Fmedia&parent=259477"}],"wp:term":[{"taxonomy":"category","embeddable":true,"href":"https:\/\/elluchador.info\/index.php?rest_route=%2Fwp%2Fv2%2Fcategories&post=259477"},{"taxonomy":"post_tag","embeddable":true,"href":"https:\/\/elluchador.info\/index.php?rest_route=%2Fwp%2Fv2%2Ftags&post=259477"}],"curies":[{"name":"wp","href":"https:\/\/api.w.org\/{rel}","templated":true}]}}