{"id":259489,"date":"2024-12-08T14:15:32","date_gmt":"2024-12-08T18:15:32","guid":{"rendered":"https:\/\/elluchador.info\/?p=259489"},"modified":"2024-12-08T14:15:50","modified_gmt":"2024-12-08T18:15:50","slug":"manny-pacquiao-elevado-al-salon-de-la-fama-del-boxeo-internacional","status":"publish","type":"post","link":"https:\/\/elluchador.info\/?p=259489","title":{"rendered":"Manny Pacquiao elevado al Sal\u00f3n de la Fama del Boxeo Internacional"},"content":{"rendered":"\n<p>Manny Pacquiao, quien gan\u00f3 t\u00edtulos en un r\u00e9cord de ocho categor\u00edas de peso, desde peso mosca hasta peso superwelter, y se convirti\u00f3 en una de las mayores atracciones del boxeo, fue elegido el pasado jueves para el Sal\u00f3n de la Fama del Boxeo Internacional.<\/p>\n\n\n\n<p>Pacquiao, quien protagoniz\u00f3 algunas de las peleas m\u00e1s exitosas de la d\u00e9cada de 2000 antes de regresar a su hogar en Filipinas para servir en su gobierno, ser\u00e1 consagrado el 8 de junio como el nombre principal de la clase de 2025.<\/p>\n\n\n\n<p>Vinny Paz, quien super\u00f3 una fractura de cuello sufrida en un accidente automovil\u00edstico para reanudar su carrera, y el campe\u00f3n de dos divisiones Michael Nunn fueron los otros peleadores elegidos de la categor\u00eda moderna masculina.<\/p>\n\n\n\n<p>En total, 14 personas fueron seleccionadas para el museo de Canastota, Nueva York, mediante votaci\u00f3n de miembros de la Asociaci\u00f3n de Escritores de Boxeo de Estados Unidos y de un panel de historiadores internacionales del boxeo.<\/p>\n\n\n\n<p><strong>Una f\u00e1cil elecci\u00f3n<\/strong><\/p>\n\n\n\n<p>Pacquiao fue una elecci\u00f3n f\u00e1cil en su primer a\u00f1o de elegibilidad, despu\u00e9s de compilar un r\u00e9cord de 62-8-2, con 39 nocauts, durante una carrera profesional que comenz\u00f3 en 1995 y dur\u00f3 hasta 2021.<\/p>\n\n\n\n<p>\u201cEste es sin duda un regalo de Navidad maravilloso. A lo largo de mi carrera, como boxeador profesional y servidor p\u00fablico, mi objetivo ha sido honrar a mi pa\u00eds, Filipinas, y a mis compatriotas filipinos de todo el mundo\u201d, dijo Pacquiao al enterarse de la noticia.<\/p>\n\n\n\n<p>\u201cHoy me siento honrado de saber que, en junio, recibir\u00e9 el m\u00e1ximo honor del boxeo, junto con nuestro h\u00e9roe nacional, Flash Elorde, as\u00ed como con mi entrenador y amigo, Freddie Roach\u201d.<\/p>\n\n\n\n<p><strong>Mete\u00f3rico ascenso<\/strong><\/p>\n\n\n\n<p>Pacquiao, que debut\u00f3 con un peso de 106 libras, ascendi\u00f3 hasta ganar un t\u00edtulo en el l\u00edmite de 154 libras, pero nunca perdi\u00f3 su velocidad a medida que aumentaba m\u00e1s libras, y abrumaba a peleadores naturalmente m\u00e1s grandes con una vertiginosa r\u00e1faga de golpes de poder.<\/p>\n\n\n\n<p>Eso le permiti\u00f3 obtener victorias sobre rivales mexicanos como Juan Manuel M\u00e1rquez, Marco Antonio Barrera y Erik Morales, adem\u00e1s de Miguel Cotto y Shane Mosley.<\/p>\n\n\n\n<p>Y acab\u00f3 con la carrera del miembro del Sal\u00f3n de la Fama, Oscar de La Hoya, con una paliza de ocho asaltos en 2008, uno de los tres a\u00f1os en los que fue votado como \u201cPeleador del A\u00f1o\u201d por la BBWA, que tambi\u00e9n lo vot\u00f3 como \u201cBoxeador de la D\u00e9cada\u201d para 2000-09.<\/p>\n\n\n\n<p><strong><em>Con informaci\u00f3n de EI.<\/em><\/strong><\/p>\n","protected":false},"excerpt":{"rendered":"<p>Manny Pacquiao, quien gan\u00f3 t\u00edtulos en un r\u00e9cord de ocho categor\u00edas de peso, desde peso mosca hasta peso superwelter, y se convirti\u00f3 en una de las mayores atracciones del boxeo, fue elegido el pasado jueves para el Sal\u00f3n de la Fama del Boxeo Internacional. Pacquiao, quien protagoniz\u00f3 algunas de las peleas m\u00e1s exitosas de la [&hellip;]<\/p>\n","protected":false},"author":2,"featured_media":259490,"comment_status":"closed","ping_status":"closed","sticky":false,"template":"","format":"standard","meta":{"footnotes":""},"categories":[1,4],"tags":[],"class_list":{"0":"post-259489","1":"post","2":"type-post","3":"status-publish","4":"format-standard","5":"has-post-thumbnail","7":"category-deporte","8":"category-deportes"},"_links":{"self":[{"href":"https:\/\/elluchador.info\/index.php?rest_route=\/wp\/v2\/posts\/259489","targetHints":{"allow":["GET"]}}],"collection":[{"href":"https:\/\/elluchador.info\/index.php?rest_route=\/wp\/v2\/posts"}],"about":[{"href":"https:\/\/elluchador.info\/index.php?rest_route=\/wp\/v2\/types\/post"}],"author":[{"embeddable":true,"href":"https:\/\/elluchador.info\/index.php?rest_route=\/wp\/v2\/users\/2"}],"replies":[{"embeddable":true,"href":"https:\/\/elluchador.info\/index.php?rest_route=%2Fwp%2Fv2%2Fcomments&post=259489"}],"version-history":[{"count":1,"href":"https:\/\/elluchador.info\/index.php?rest_route=\/wp\/v2\/posts\/259489\/revisions"}],"predecessor-version":[{"id":259491,"href":"https:\/\/elluchador.info\/index.php?rest_route=\/wp\/v2\/posts\/259489\/revisions\/259491"}],"wp:featuredmedia":[{"embeddable":true,"href":"https:\/\/elluchador.info\/index.php?rest_route=\/wp\/v2\/media\/259490"}],"wp:attachment":[{"href":"https:\/\/elluchador.info\/index.php?rest_route=%2Fwp%2Fv2%2Fmedia&parent=259489"}],"wp:term":[{"taxonomy":"category","embeddable":true,"href":"https:\/\/elluchador.info\/index.php?rest_route=%2Fwp%2Fv2%2Fcategories&post=259489"},{"taxonomy":"post_tag","embeddable":true,"href":"https:\/\/elluchador.info\/index.php?rest_route=%2Fwp%2Fv2%2Ftags&post=259489"}],"curies":[{"name":"wp","href":"https:\/\/api.w.org\/{rel}","templated":true}]}}