{"id":259674,"date":"2024-12-09T15:47:56","date_gmt":"2024-12-09T19:47:56","guid":{"rendered":"https:\/\/elluchador.info\/?p=259674"},"modified":"2024-12-09T15:48:05","modified_gmt":"2024-12-09T19:48:05","slug":"industria-del-vestido-cerrara-el-ano-con-12-menos-produccion-que-2023","status":"publish","type":"post","link":"https:\/\/elluchador.info\/?p=259674","title":{"rendered":"Industria del vestido cerrar\u00e1 el a\u00f1o con 12% menos producci\u00f3n que 2023"},"content":{"rendered":"\n<p>Para el cierre de 2024, la fabricaci\u00f3n nacional de prendas de vestir reporta un 12% menos de producci\u00f3n que en 2023, indic\u00f3 el presidente de la C\u00e1mara Venezolana de la Industria del Vestido, Roberto Rimeris.<\/p>\n\n\n\n<p>A pesar de que el sector tuvo un crecimiento de 6% en el tercer trimestre de este a\u00f1o, el gremio indica que no fue suficiente para alcanzar la producci\u00f3n lograda el a\u00f1o pasado. \u201cYo dir\u00eda que, en general, el sector debe estar por debajo del a\u00f1o pasado porque no se ha recuperado\u201d, dijo Rimeris.<\/p>\n\n\n\n<p>Tambi\u00e9n explic\u00f3 que uno de los factores que ha influido en la merma de la manifactura nacional y las limitaciones de producci\u00f3n es la importaci\u00f3n de prendas de vestir sin pago de aranceles, as\u00ed como la fabricaci\u00f3n de ropa a trav\u00e9s del sector informal.<\/p>\n\n\n\n<p>El presidente del gremio a\u00f1adi\u00f3 que, al panorama se le a\u00f1ade una alta carga impositiva para los fabricantes nacionales formales y que el sector informal es amplio y cuenta con talleres \u201cque, por su estructura de costos, no est\u00e1n pagando los impuestos en todas las tasas\u201d, dijo en una entrevista a <em>Uni\u00f3n Radio<\/em>.<\/p>\n\n\n\n<p>Con informaci\u00f3n <strong><em><mark style=\"background-color:rgba(0, 0, 0, 0)\" class=\"has-inline-color has-luminous-vivid-orange-color\">Banca y Negocios<\/mark><\/em><\/strong><\/p>\n","protected":false},"excerpt":{"rendered":"<p>Para el cierre de 2024, la fabricaci\u00f3n nacional de prendas de vestir reporta un 12% menos de producci\u00f3n que en 2023, indic\u00f3 el presidente de la C\u00e1mara Venezolana de la Industria del Vestido, Roberto Rimeris. A pesar de que el sector tuvo un crecimiento de 6% en el tercer trimestre de este a\u00f1o, el gremio [&hellip;]<\/p>\n","protected":false},"author":33,"featured_media":259675,"comment_status":"closed","ping_status":"closed","sticky":false,"template":"","format":"standard","meta":{"footnotes":""},"categories":[6],"tags":[2049,105,2044],"class_list":{"0":"post-259674","1":"post","2":"type-post","3":"status-publish","4":"format-standard","5":"has-post-thumbnail","7":"category-economia","8":"tag-produccion","9":"tag-venezuela","10":"tag-vestido"},"_links":{"self":[{"href":"https:\/\/elluchador.info\/index.php?rest_route=\/wp\/v2\/posts\/259674","targetHints":{"allow":["GET"]}}],"collection":[{"href":"https:\/\/elluchador.info\/index.php?rest_route=\/wp\/v2\/posts"}],"about":[{"href":"https:\/\/elluchador.info\/index.php?rest_route=\/wp\/v2\/types\/post"}],"author":[{"embeddable":true,"href":"https:\/\/elluchador.info\/index.php?rest_route=\/wp\/v2\/users\/33"}],"replies":[{"embeddable":true,"href":"https:\/\/elluchador.info\/index.php?rest_route=%2Fwp%2Fv2%2Fcomments&post=259674"}],"version-history":[{"count":1,"href":"https:\/\/elluchador.info\/index.php?rest_route=\/wp\/v2\/posts\/259674\/revisions"}],"predecessor-version":[{"id":259676,"href":"https:\/\/elluchador.info\/index.php?rest_route=\/wp\/v2\/posts\/259674\/revisions\/259676"}],"wp:featuredmedia":[{"embeddable":true,"href":"https:\/\/elluchador.info\/index.php?rest_route=\/wp\/v2\/media\/259675"}],"wp:attachment":[{"href":"https:\/\/elluchador.info\/index.php?rest_route=%2Fwp%2Fv2%2Fmedia&parent=259674"}],"wp:term":[{"taxonomy":"category","embeddable":true,"href":"https:\/\/elluchador.info\/index.php?rest_route=%2Fwp%2Fv2%2Fcategories&post=259674"},{"taxonomy":"post_tag","embeddable":true,"href":"https:\/\/elluchador.info\/index.php?rest_route=%2Fwp%2Fv2%2Ftags&post=259674"}],"curies":[{"name":"wp","href":"https:\/\/api.w.org\/{rel}","templated":true}]}}