{"id":259910,"date":"2024-12-11T20:48:31","date_gmt":"2024-12-12T00:48:31","guid":{"rendered":"https:\/\/elluchador.info\/?p=259910"},"modified":"2024-12-11T20:48:36","modified_gmt":"2024-12-12T00:48:36","slug":"lula-se-sometera-a-un-nuevo-procedimiento-medico","status":"publish","type":"post","link":"https:\/\/elluchador.info\/?p=259910","title":{"rendered":"Lula se someter\u00e1 a un nuevo procedimiento m\u00e9dico"},"content":{"rendered":"\n<p>\u200eEl mandatario brasile\u00f1o, Luiz In\u00e1cio Lula da Silva, se someter\u00e1 a un nuevo procedimiento m\u00e9dico el jueves, complementario a la operaci\u00f3n que le fue realizada el martes.<br>\u200e<br>\u200eDe acuerdo con un comunicado de su equipo m\u00e9dico, como parte del programa terap\u00e9utico, el presidente \u00abcomplementar\u00e1 la cirug\u00eda con un procedimiento endovascular (embolizaci\u00f3n de la arteria men\u00edngea media)\u00bb el jueves por la ma\u00f1ana.<br>\u200e<br>\u200eCon la intervenci\u00f3n, rese\u00f1a Folha de S.Paulo, se busca interrumpir el flujo de sangre en una regi\u00f3n de su cerebro y evitar futuras hemorragias.<br>\u200e<br>\u200eEn declaraciones a la prensa, el doctor Roberto Kalil Filho, que es parte del equipo m\u00e9dico, detall\u00f3 que el procedimiento fue planificado, durar\u00e1 alrededor de una hora, es m\u00ednimamente invasivo y relativamente sencillo. <\/p>\n\n\n\n<figure class=\"wp-block-embed is-type-rich is-provider-twitter wp-block-embed-twitter\"><div class=\"wp-block-embed__wrapper\">\n<blockquote class=\"twitter-tweet\" data-width=\"550\" data-dnt=\"true\"><p lang=\"qme\" dir=\"ltr\"><a href=\"https:\/\/twitter.com\/hashtag\/EquipeLula?src=hash&amp;ref_src=twsrc%5Etfw\">#EquipeLula<\/a> <a href=\"https:\/\/t.co\/mzT0EQfEB6\">pic.twitter.com\/mzT0EQfEB6<\/a><\/p>&mdash; Lula (@LulaOficial) <a href=\"https:\/\/twitter.com\/LulaOficial\/status\/1866937693210312781?ref_src=twsrc%5Etfw\">December 11, 2024<\/a><\/blockquote><script async src=\"https:\/\/platform.twitter.com\/widgets.js\" charset=\"utf-8\"><\/script>\n<\/div><\/figure>\n\n\n\n<p>\u00abEs para minimizar en el futuro el riesgo de que esto (un nuevo sangrado) ocurra. Es un procedimiento de bajo riesgo. Es un procedimiento relativamente sencillo\u00bb, enfatiz\u00f3, al tiempo que aclar\u00f3 que no se trata de una cirug\u00eda nueva ni se realizar\u00e1 en quir\u00f3fano, sino que el procedimiento es un cateterismo y complementario a la operaci\u00f3n ya realizada.<br>\u200e<br>\u200eEl mandatario brasile\u00f1o, de 79 a\u00f1os, fue operado de urgencia en la madrugada del martes para drenar un hematoma en la cabeza, que surgi\u00f3 como consecuencia del accidente que sufri\u00f3 en su domicilio el pasado 19 de octubre.<br>\u200e<br>\u200eEn este \u00faltimo parte m\u00e9dico se inform\u00f3, adem\u00e1s, que Lula permanece en cuidados intensivos en el Hospital Sirio-Liban\u00e9s de S\u00e3o Paulo y \u00abpas\u00f3 el d\u00eda bien, sin incidentes, se someti\u00f3 a fisioterapia, camin\u00f3 y recibi\u00f3 visitas de familiares\u00bb.<br>\u200e<br>\u200eEl equipo m\u00e9dico indic\u00f3 que brindar\u00e1 mayor informaci\u00f3n en una rueda de prensa prevista para el jueves a las 10 de la ma\u00f1ana (hora local).<br>\u200e<br>\u200eCon informaci\u00f3n <strong><em><mark style=\"background-color:rgba(0, 0, 0, 0)\" class=\"has-inline-color has-vivid-green-cyan-color\">Actualidad RT<\/mark><\/em><\/strong><\/p>\n","protected":false},"excerpt":{"rendered":"<p>\u200eEl mandatario brasile\u00f1o, Luiz In\u00e1cio Lula da Silva, se someter\u00e1 a un nuevo procedimiento m\u00e9dico el jueves, complementario a la operaci\u00f3n que le fue realizada el martes.\u200e\u200eDe acuerdo con un comunicado de su equipo m\u00e9dico, como parte del programa terap\u00e9utico, el presidente \u00abcomplementar\u00e1 la cirug\u00eda con un procedimiento endovascular (embolizaci\u00f3n de la arteria men\u00edngea media)\u00bb [&hellip;]<\/p>\n","protected":false},"author":33,"featured_media":259911,"comment_status":"closed","ping_status":"closed","sticky":false,"template":"","format":"standard","meta":{"footnotes":""},"categories":[8],"tags":[2668,131],"class_list":{"0":"post-259910","1":"post","2":"type-post","3":"status-publish","4":"format-standard","5":"has-post-thumbnail","7":"category-internacionales","8":"tag-lula","9":"tag-salud"},"_links":{"self":[{"href":"https:\/\/elluchador.info\/index.php?rest_route=\/wp\/v2\/posts\/259910","targetHints":{"allow":["GET"]}}],"collection":[{"href":"https:\/\/elluchador.info\/index.php?rest_route=\/wp\/v2\/posts"}],"about":[{"href":"https:\/\/elluchador.info\/index.php?rest_route=\/wp\/v2\/types\/post"}],"author":[{"embeddable":true,"href":"https:\/\/elluchador.info\/index.php?rest_route=\/wp\/v2\/users\/33"}],"replies":[{"embeddable":true,"href":"https:\/\/elluchador.info\/index.php?rest_route=%2Fwp%2Fv2%2Fcomments&post=259910"}],"version-history":[{"count":1,"href":"https:\/\/elluchador.info\/index.php?rest_route=\/wp\/v2\/posts\/259910\/revisions"}],"predecessor-version":[{"id":259912,"href":"https:\/\/elluchador.info\/index.php?rest_route=\/wp\/v2\/posts\/259910\/revisions\/259912"}],"wp:featuredmedia":[{"embeddable":true,"href":"https:\/\/elluchador.info\/index.php?rest_route=\/wp\/v2\/media\/259911"}],"wp:attachment":[{"href":"https:\/\/elluchador.info\/index.php?rest_route=%2Fwp%2Fv2%2Fmedia&parent=259910"}],"wp:term":[{"taxonomy":"category","embeddable":true,"href":"https:\/\/elluchador.info\/index.php?rest_route=%2Fwp%2Fv2%2Fcategories&post=259910"},{"taxonomy":"post_tag","embeddable":true,"href":"https:\/\/elluchador.info\/index.php?rest_route=%2Fwp%2Fv2%2Ftags&post=259910"}],"curies":[{"name":"wp","href":"https:\/\/api.w.org\/{rel}","templated":true}]}}