{"id":260211,"date":"2024-12-14T12:46:24","date_gmt":"2024-12-14T16:46:24","guid":{"rendered":"https:\/\/elluchador.info\/?p=260211"},"modified":"2024-12-14T12:46:30","modified_gmt":"2024-12-14T16:46:30","slug":"venezuela-y-colombia-firmaran-acuerdo-sobre-zona-economica-especial-en-la-frontera","status":"publish","type":"post","link":"https:\/\/elluchador.info\/?p=260211","title":{"rendered":"Venezuela y Colombia firmar\u00e1n acuerdo sobre Zona Econ\u00f3mica Especial en la frontera"},"content":{"rendered":"\n<p>\u200eEl pr\u00f3ximo martes, 17 de diciembre, est\u00e1 previsto que se suscriba en Caracas el Acuerdo Econ\u00f3mico para la Zona Econ\u00f3mica Especial en la frontera entre Colombia y Venezuela. El pacto fue aprobado por los gobiernos del ambas naciones.<br>\u200e<br>\u200eAl respecto, el gobernador del estado T\u00e1chira, Freddy Bernal, dijo que despu\u00e9s de a\u00f1os de reuniones, los pa\u00edses vecinos podr\u00e1n contar con una Zona Econ\u00f3mica Especial de Frontera para impulsar el libre comercio dentro de un marco legal optimizado seg\u00fan las necesidades de esa \u00e1rea.<br>\u200e<br>\u200eBernal se\u00f1al\u00f3 que se han llevado a cabo \u201cm\u00faltiples reuniones con el ministro Omar Uma\u00f1a de Colombia, con la C\u00e1mara de Comercio de Colombia, con C\u00e1mara de Integraci\u00f3n Econ\u00f3mica Venezolano- Colombiana (Cavecol), con el gobernador William Villamizar del Norte de Santander, con el alcalde Jorge Acevedo de C\u00facuta, con el alcalde de Los Patios y la Villa del Rosario, casi como con los alcaldes del estado T\u00e1chira y con Johann \u00c1lvarez, director nacional de las Zonas Econ\u00f3micas Especiales\u201d.<br>\u200e<br>\u200eEl gobernador tachirense precis\u00f3 que los municipios de la entidad que integrar\u00e1n esta Zona Economica Especial son Garc\u00eda de Hevia, Ayacucho, Pedro Mar\u00eda Ure\u00f1a, Bol\u00edvar, Rafael Urdaneta, Jun\u00edn, Capacho Nuevo, Capacho Viejo y San Crist\u00f3bal.<br>\u200e<br>\u200eAlgunos de los entes del sector privado que se han incorporado son Fedec\u00e1maras, la C\u00e1mara de Comercio de San Antonio y Ure\u00f1a, la C\u00e1mara Hotelera, la C\u00e1mara de restaurantes, la C\u00e1mara de Turismo, la Asociaci\u00f3n de Ganaderos del T\u00e1chira (Asogata) y representes de emprendedores tachirenses.<br>\u200e<br>\u200e\u201cEs un acuerdo entre los presidentes Gustavo Petro y Nicol\u00e1s Maduro\u201d, dijo Bernal. Sin embargo, es importante recordar que la cercan\u00eda del mandatario colombiano con el venezolano est\u00e1 en entredicho, ya que hasta la fecha Petro no ha confirmado si har\u00e1 acto de presencia en Caracas el 10 de enero, cuando est\u00e1 previsto el acto de juramentaci\u00f3n del pr\u00f3ximo presidente de Venezuela para el per\u00edodo 2025-2031.<br>\u200e<br>\u200eCon informaci\u00f3n <strong><em><mark style=\"background-color:rgba(0, 0, 0, 0)\" class=\"has-inline-color has-vivid-red-color\">Sumarium<\/mark><\/em><\/strong><\/p>\n","protected":false},"excerpt":{"rendered":"<p>\u200eEl pr\u00f3ximo martes, 17 de diciembre, est\u00e1 previsto que se suscriba en Caracas el Acuerdo Econ\u00f3mico para la Zona Econ\u00f3mica Especial en la frontera entre Colombia y Venezuela. El pacto fue aprobado por los gobiernos del ambas naciones.\u200e\u200eAl respecto, el gobernador del estado T\u00e1chira, Freddy Bernal, dijo que despu\u00e9s de a\u00f1os de reuniones, los pa\u00edses [&hellip;]<\/p>\n","protected":false},"author":33,"featured_media":260212,"comment_status":"closed","ping_status":"closed","sticky":false,"template":"","format":"standard","meta":{"footnotes":""},"categories":[5,9],"tags":[397,105],"class_list":{"0":"post-260211","1":"post","2":"type-post","3":"status-publish","4":"format-standard","5":"has-post-thumbnail","7":"category-destacado","8":"category-nacionales","9":"tag-colombia","10":"tag-venezuela"},"_links":{"self":[{"href":"https:\/\/elluchador.info\/index.php?rest_route=\/wp\/v2\/posts\/260211","targetHints":{"allow":["GET"]}}],"collection":[{"href":"https:\/\/elluchador.info\/index.php?rest_route=\/wp\/v2\/posts"}],"about":[{"href":"https:\/\/elluchador.info\/index.php?rest_route=\/wp\/v2\/types\/post"}],"author":[{"embeddable":true,"href":"https:\/\/elluchador.info\/index.php?rest_route=\/wp\/v2\/users\/33"}],"replies":[{"embeddable":true,"href":"https:\/\/elluchador.info\/index.php?rest_route=%2Fwp%2Fv2%2Fcomments&post=260211"}],"version-history":[{"count":1,"href":"https:\/\/elluchador.info\/index.php?rest_route=\/wp\/v2\/posts\/260211\/revisions"}],"predecessor-version":[{"id":260213,"href":"https:\/\/elluchador.info\/index.php?rest_route=\/wp\/v2\/posts\/260211\/revisions\/260213"}],"wp:featuredmedia":[{"embeddable":true,"href":"https:\/\/elluchador.info\/index.php?rest_route=\/wp\/v2\/media\/260212"}],"wp:attachment":[{"href":"https:\/\/elluchador.info\/index.php?rest_route=%2Fwp%2Fv2%2Fmedia&parent=260211"}],"wp:term":[{"taxonomy":"category","embeddable":true,"href":"https:\/\/elluchador.info\/index.php?rest_route=%2Fwp%2Fv2%2Fcategories&post=260211"},{"taxonomy":"post_tag","embeddable":true,"href":"https:\/\/elluchador.info\/index.php?rest_route=%2Fwp%2Fv2%2Ftags&post=260211"}],"curies":[{"name":"wp","href":"https:\/\/api.w.org\/{rel}","templated":true}]}}