{"id":260237,"date":"2024-12-14T15:55:18","date_gmt":"2024-12-14T19:55:18","guid":{"rendered":"https:\/\/elluchador.info\/?p=260237"},"modified":"2024-12-14T15:55:21","modified_gmt":"2024-12-14T19:55:21","slug":"pelicula-ali-primera-recibe-premio-roque-dalton-en-festival-internacional-de-la-habana","status":"publish","type":"post","link":"https:\/\/elluchador.info\/?p=260237","title":{"rendered":"Pel\u00edcula Al\u00ed Primera recibe premio Roque Dalton en festival internacional de La Habana"},"content":{"rendered":"\n<p>La pel\u00edcula Al\u00ed Primera, primera producci\u00f3n cinematogr\u00e1fica de la Gran Misi\u00f3n Viva Venezuela, fue premiada este viernes en el 45 Festival Internacional del Nuevo Cine Latinoamericano de La Habana.<\/p>\n\n\n\n<p>Al filme, dirigido por&nbsp;<strong>Daniel Yegres<\/strong>&nbsp;y producido por Humana Cine, le fue entregado el<strong>&nbsp;premio Roque Dalton<\/strong>, el cual otorga Radio Habana Cuba desde hace 30 a\u00f1os en memoria del poeta salvadore\u00f1o que en la d\u00e9cada de los 60 labor\u00f3 como periodista en esa emisora.<\/p>\n\n\n\n<p>De acuerdo con el acta del jurado, la obra cinematogr\u00e1fica \u201cahonda con acertado uso de los recursos del s\u00e9ptimo arte en los profundos valores humanistas y revolucionarios de un referente de la canci\u00f3n de autor en Am\u00e9rica Latina\u201d. Asimismo, explora la huella de Al\u00ed Primera \u201ccon una excelente fotograf\u00eda y acertada direcci\u00f3n de actores\u201d, lo cual se\u00f1ala: \u201cEs un reto grande porque seres humanos como \u00e9l permanecen en la memoria popular con una fuerza imparable\u201d.<\/p>\n\n\n\n<p>Con solo dos semanas de haberse estrenado en octubre pasado, la pel\u00edcula se convirti\u00f3 en el filme venezolano m\u00e1s taquillero en lo que va del a\u00f1o 2024, de acuerdo con la Asociaci\u00f3n de la Industria del Cine (Asoinci).<\/p>\n\n\n\n<p><br><strong><em>Con informaci\u00f3n de VTV<\/em><\/strong><a href=\"https:\/\/www.vtv.gob.ve\/pelicula-ali-primera-recibe-roque-dalton\/\"><\/a><\/p>\n","protected":false},"excerpt":{"rendered":"<p>La pel\u00edcula Al\u00ed Primera, primera producci\u00f3n cinematogr\u00e1fica de la Gran Misi\u00f3n Viva Venezuela, fue premiada este viernes en el 45 Festival Internacional del Nuevo Cine Latinoamericano de La Habana. Al filme, dirigido por&nbsp;Daniel Yegres&nbsp;y producido por Humana Cine, le fue entregado el&nbsp;premio Roque Dalton, el cual otorga Radio Habana Cuba desde hace 30 a\u00f1os en [&hellip;]<\/p>\n","protected":false},"author":2,"featured_media":260238,"comment_status":"closed","ping_status":"closed","sticky":false,"template":"","format":"standard","meta":{"footnotes":""},"categories":[1160],"tags":[],"class_list":{"0":"post-260237","1":"post","2":"type-post","3":"status-publish","4":"format-standard","5":"has-post-thumbnail","7":"category-cultura"},"_links":{"self":[{"href":"https:\/\/elluchador.info\/index.php?rest_route=\/wp\/v2\/posts\/260237","targetHints":{"allow":["GET"]}}],"collection":[{"href":"https:\/\/elluchador.info\/index.php?rest_route=\/wp\/v2\/posts"}],"about":[{"href":"https:\/\/elluchador.info\/index.php?rest_route=\/wp\/v2\/types\/post"}],"author":[{"embeddable":true,"href":"https:\/\/elluchador.info\/index.php?rest_route=\/wp\/v2\/users\/2"}],"replies":[{"embeddable":true,"href":"https:\/\/elluchador.info\/index.php?rest_route=%2Fwp%2Fv2%2Fcomments&post=260237"}],"version-history":[{"count":1,"href":"https:\/\/elluchador.info\/index.php?rest_route=\/wp\/v2\/posts\/260237\/revisions"}],"predecessor-version":[{"id":260239,"href":"https:\/\/elluchador.info\/index.php?rest_route=\/wp\/v2\/posts\/260237\/revisions\/260239"}],"wp:featuredmedia":[{"embeddable":true,"href":"https:\/\/elluchador.info\/index.php?rest_route=\/wp\/v2\/media\/260238"}],"wp:attachment":[{"href":"https:\/\/elluchador.info\/index.php?rest_route=%2Fwp%2Fv2%2Fmedia&parent=260237"}],"wp:term":[{"taxonomy":"category","embeddable":true,"href":"https:\/\/elluchador.info\/index.php?rest_route=%2Fwp%2Fv2%2Fcategories&post=260237"},{"taxonomy":"post_tag","embeddable":true,"href":"https:\/\/elluchador.info\/index.php?rest_route=%2Fwp%2Fv2%2Ftags&post=260237"}],"curies":[{"name":"wp","href":"https:\/\/api.w.org\/{rel}","templated":true}]}}