{"id":260253,"date":"2024-12-14T17:05:34","date_gmt":"2024-12-14T21:05:34","guid":{"rendered":"https:\/\/elluchador.info\/?p=260253"},"modified":"2024-12-14T17:06:22","modified_gmt":"2024-12-14T21:06:22","slug":"dos-militares-colombianos-fueron-detenidos-por-autoridades-venezolanas-en-la-frontera","status":"publish","type":"post","link":"https:\/\/elluchador.info\/?p=260253","title":{"rendered":"Dos militares colombianos fueron detenidos por autoridades venezolanas en la frontera"},"content":{"rendered":"\n<p>Dos soldados colombianos que cruzaron la frontera fueron retenidos por la Guardia Nacional Bolivariana de Venezuela.<\/p>\n\n\n\n<p>Los hechos se presentaron cuando los militares pasaron a trav\u00e9s del puente internacional Francisco de Paula Santander en un veh\u00edculo para hacer un giro de retorno y regresar a territorio colombiano. En ese momento fueron abordados por las autoridades del vecino pa\u00eds, quienes los detuvieron.<\/p>\n\n\n\n<p>Al momento de su detenci\u00f3n en esta infraestructura que conecta a C\u00facuta con el municipio venezolano de Pedro Mar\u00eda Ure\u00f1a, los militares portaban sus armas de dotaci\u00f3n.<\/p>\n\n\n\n<p>La Canciller\u00eda colombiana fue informada de la situaci\u00f3n y se espera un pronunciamiento oficial del gobierno venezolano frente a lo ocurrido.<\/p>\n\n\n\n<p>Este hecho gener\u00f3 preocupaci\u00f3n en las autoridades del lado colombiano, quienes tratan de tener contacto con sus hom\u00f3logos venezolanos para conocer el estado en que se encuentran los militares.<\/p>\n\n\n\n<p><strong><em>Con informaci\u00f3n de <strong>\u00a0<a href=\"https:\/\/caracol.com.co\/2024\/12\/14\/dos-militares-colombianos-fueron-detenidos-por-autoridades-venezolanas-en-la-frontera\/\">Caracol<\/a><\/strong>.<\/em><\/strong><\/p>\n","protected":false},"excerpt":{"rendered":"<p>Dos soldados colombianos que cruzaron la frontera fueron retenidos por la Guardia Nacional Bolivariana de Venezuela. Los hechos se presentaron cuando los militares pasaron a trav\u00e9s del puente internacional Francisco de Paula Santander en un veh\u00edculo para hacer un giro de retorno y regresar a territorio colombiano. En ese momento fueron abordados por las autoridades [&hellip;]<\/p>\n","protected":false},"author":2,"featured_media":260254,"comment_status":"closed","ping_status":"closed","sticky":false,"template":"","format":"standard","meta":{"footnotes":""},"categories":[13],"tags":[],"class_list":{"0":"post-260253","1":"post","2":"type-post","3":"status-publish","4":"format-standard","5":"has-post-thumbnail","7":"category-sucesos"},"_links":{"self":[{"href":"https:\/\/elluchador.info\/index.php?rest_route=\/wp\/v2\/posts\/260253","targetHints":{"allow":["GET"]}}],"collection":[{"href":"https:\/\/elluchador.info\/index.php?rest_route=\/wp\/v2\/posts"}],"about":[{"href":"https:\/\/elluchador.info\/index.php?rest_route=\/wp\/v2\/types\/post"}],"author":[{"embeddable":true,"href":"https:\/\/elluchador.info\/index.php?rest_route=\/wp\/v2\/users\/2"}],"replies":[{"embeddable":true,"href":"https:\/\/elluchador.info\/index.php?rest_route=%2Fwp%2Fv2%2Fcomments&post=260253"}],"version-history":[{"count":2,"href":"https:\/\/elluchador.info\/index.php?rest_route=\/wp\/v2\/posts\/260253\/revisions"}],"predecessor-version":[{"id":260256,"href":"https:\/\/elluchador.info\/index.php?rest_route=\/wp\/v2\/posts\/260253\/revisions\/260256"}],"wp:featuredmedia":[{"embeddable":true,"href":"https:\/\/elluchador.info\/index.php?rest_route=\/wp\/v2\/media\/260254"}],"wp:attachment":[{"href":"https:\/\/elluchador.info\/index.php?rest_route=%2Fwp%2Fv2%2Fmedia&parent=260253"}],"wp:term":[{"taxonomy":"category","embeddable":true,"href":"https:\/\/elluchador.info\/index.php?rest_route=%2Fwp%2Fv2%2Fcategories&post=260253"},{"taxonomy":"post_tag","embeddable":true,"href":"https:\/\/elluchador.info\/index.php?rest_route=%2Fwp%2Fv2%2Ftags&post=260253"}],"curies":[{"name":"wp","href":"https:\/\/api.w.org\/{rel}","templated":true}]}}