{"id":260260,"date":"2024-12-14T17:28:19","date_gmt":"2024-12-14T21:28:19","guid":{"rendered":"https:\/\/elluchador.info\/?p=260260"},"modified":"2024-12-14T17:28:23","modified_gmt":"2024-12-14T21:28:23","slug":"gremio-comercial-solicita-eliminacion-de-horario-de-cierre-en-la-frontera-entre-colombia-y-venezuela","status":"publish","type":"post","link":"https:\/\/elluchador.info\/?p=260260","title":{"rendered":"Gremio comercial solicita eliminaci\u00f3n de horario de cierre en la frontera entre Colombia y Venezuela"},"content":{"rendered":"\n<p>Representantes de la C\u00e1mara de Comercio de San Antonio del T\u00e1chira solicitaron la&nbsp;<strong>eliminaci\u00f3n del horario de cierre en la Frontera entre Colombia y Venezuela<\/strong>&nbsp;y plantearon que se mantuviera abierta las 24 horas, sin limitaciones.<\/p>\n\n\n\n<p>El vicepresidente del gremio comercial, Leonardo M\u00e9ndez, indic\u00f3 que la medida de eliminaci\u00f3n de horarios de cierre en los puentes que unen al estado T\u00e1chira con el Norte de Santander, en el vecino pa\u00eds,&nbsp;<strong>beneficiar\u00eda la movilidad de los ciudadanos, la cual \u201cva en aumento\u201d.<\/strong><\/p>\n\n\n\n<p>Por su parte, Isabel Castillo, presidenta de la C\u00e1mara de Comercio de San Antonio, resalt\u00f3 la importancia de que los representantes gubernamentales de ambos pa\u00edses trabajen para&nbsp;<strong>evitar un nuevo cierre y paralizaci\u00f3n<\/strong>&nbsp;en la frontera. \u201cFueron casi ocho a\u00f1os de cierre que provocaron un escenario nefasto\u201d, apunt\u00f3.<\/p>\n\n\n\n<p>En cuanto al intercambio comercial binacional, la vocera empresarial se\u00f1al\u00f3 que, aunque la balanza est\u00e1 inclinada a favor de Colombia, ha habido algunas exportaciones desde Venezuela, por lo que el enfoque deber\u00e1 ser trabajar en la recuperaci\u00f3n del equilibrio comercial y la complementariedad, indica una nota de\u00a0La Naci\u00f3n.<\/p>\n\n\n\n<p><strong><em>Con informaci\u00f3n de Banca y Negocios.<\/em><\/strong><\/p>\n","protected":false},"excerpt":{"rendered":"<p>Representantes de la C\u00e1mara de Comercio de San Antonio del T\u00e1chira solicitaron la&nbsp;eliminaci\u00f3n del horario de cierre en la Frontera entre Colombia y Venezuela&nbsp;y plantearon que se mantuviera abierta las 24 horas, sin limitaciones. El vicepresidente del gremio comercial, Leonardo M\u00e9ndez, indic\u00f3 que la medida de eliminaci\u00f3n de horarios de cierre en los puentes que [&hellip;]<\/p>\n","protected":false},"author":2,"featured_media":260261,"comment_status":"closed","ping_status":"closed","sticky":false,"template":"","format":"standard","meta":{"footnotes":""},"categories":[5,6,9],"tags":[],"class_list":{"0":"post-260260","1":"post","2":"type-post","3":"status-publish","4":"format-standard","5":"has-post-thumbnail","7":"category-destacado","8":"category-economia","9":"category-nacionales"},"_links":{"self":[{"href":"https:\/\/elluchador.info\/index.php?rest_route=\/wp\/v2\/posts\/260260","targetHints":{"allow":["GET"]}}],"collection":[{"href":"https:\/\/elluchador.info\/index.php?rest_route=\/wp\/v2\/posts"}],"about":[{"href":"https:\/\/elluchador.info\/index.php?rest_route=\/wp\/v2\/types\/post"}],"author":[{"embeddable":true,"href":"https:\/\/elluchador.info\/index.php?rest_route=\/wp\/v2\/users\/2"}],"replies":[{"embeddable":true,"href":"https:\/\/elluchador.info\/index.php?rest_route=%2Fwp%2Fv2%2Fcomments&post=260260"}],"version-history":[{"count":1,"href":"https:\/\/elluchador.info\/index.php?rest_route=\/wp\/v2\/posts\/260260\/revisions"}],"predecessor-version":[{"id":260262,"href":"https:\/\/elluchador.info\/index.php?rest_route=\/wp\/v2\/posts\/260260\/revisions\/260262"}],"wp:featuredmedia":[{"embeddable":true,"href":"https:\/\/elluchador.info\/index.php?rest_route=\/wp\/v2\/media\/260261"}],"wp:attachment":[{"href":"https:\/\/elluchador.info\/index.php?rest_route=%2Fwp%2Fv2%2Fmedia&parent=260260"}],"wp:term":[{"taxonomy":"category","embeddable":true,"href":"https:\/\/elluchador.info\/index.php?rest_route=%2Fwp%2Fv2%2Fcategories&post=260260"},{"taxonomy":"post_tag","embeddable":true,"href":"https:\/\/elluchador.info\/index.php?rest_route=%2Fwp%2Fv2%2Ftags&post=260260"}],"curies":[{"name":"wp","href":"https:\/\/api.w.org\/{rel}","templated":true}]}}