{"id":260266,"date":"2024-12-14T17:31:24","date_gmt":"2024-12-14T21:31:24","guid":{"rendered":"https:\/\/elluchador.info\/?p=260266"},"modified":"2024-12-14T17:31:27","modified_gmt":"2024-12-14T21:31:27","slug":"parque-nacional-waraira-repano-arriba-a-sus-66-anos-como-area-protegida","status":"publish","type":"post","link":"https:\/\/elluchador.info\/?p=260266","title":{"rendered":"Parque Nacional Waraira Repano arriba a sus 66 a\u00f1os como \u00e1rea protegida"},"content":{"rendered":"\n<p>Con motivo del 66\u00b0 aniversario del decreto de creaci\u00f3n del Parque Nacional Waraira Repano, se realiz\u00f3 un acto de celebraci\u00f3n en La Casona del \u00c1rea Recreativa Los Venados. El decreto de resguardo de la zona corresponde a 1958, por considerarse el pulm\u00f3n verde de Caracas, el litoral y parte del estado Miranda, adem\u00e1s de ser el h\u00e1bitat de importantes especies de flora y fauna.<\/p>\n\n\n\n<p>El agasajo comenz\u00f3 con una misa de acci\u00f3n de gracias que estuvo a cargo del padre Numa Molina, para que luego, de la mano de las autoridades del Ministerio del Poder Popular para el Ecosocialismo y el ente adscrito Instituto Nacional de Parques (Inparques), se impusieran botones conmemorativos y reconocimientos especiales al personal del parque. <\/p>\n\n\n\n<p>El coordinador del Waraira Repano, Ram\u00f3n Campos, durante su intervenci\u00f3n, destac\u00f3 la importancia de respetar el Plan de Ordenaci\u00f3n y Reglamento de Uso (PORU), como un compromiso colectivo necesario para garantizar la protecci\u00f3n del parque. \u00abEl Waraira Repano no s\u00f3lo es el hogar de especies \u00fanicas y un espacio vital para la ciudad, sino que tambi\u00e9n es un testimonio vivo de nuestra conexi\u00f3n con la naturaleza. Su cuidado depende de todos\u00bb, agreg\u00f3.<\/p>\n\n\n\n<p>El Parque Nacional Waraira Repano fue declarado zona bajo resguardo en 1958, con el objetivo de que fuera un refugio para importantes especies de flora y fauna, que incluye ejemplares end\u00e9micos. Como pulm\u00f3n verde de Caracas, el litoral y parte del estado Miranda, el Waraira Repano es un espacio fundamental para la sostenibilidad ambiental y el bienestar de la ciudad. A 66 a\u00f1os de su creaci\u00f3n, es un s\u00edmbolo hist\u00f3rico para la conservaci\u00f3n y la esperanza para las generaciones futuras.<\/p>\n\n\n\n<p><br><em><strong>Con informaci\u00f3n de VTV<\/strong><\/em><\/p>\n","protected":false},"excerpt":{"rendered":"<p>Con motivo del 66\u00b0 aniversario del decreto de creaci\u00f3n del Parque Nacional Waraira Repano, se realiz\u00f3 un acto de celebraci\u00f3n en La Casona del \u00c1rea Recreativa Los Venados. El decreto de resguardo de la zona corresponde a 1958, por considerarse el pulm\u00f3n verde de Caracas, el litoral y parte del estado Miranda, adem\u00e1s de ser [&hellip;]<\/p>\n","protected":false},"author":2,"featured_media":260267,"comment_status":"closed","ping_status":"closed","sticky":false,"template":"","format":"standard","meta":{"footnotes":""},"categories":[1160],"tags":[],"class_list":{"0":"post-260266","1":"post","2":"type-post","3":"status-publish","4":"format-standard","5":"has-post-thumbnail","7":"category-cultura"},"_links":{"self":[{"href":"https:\/\/elluchador.info\/index.php?rest_route=\/wp\/v2\/posts\/260266","targetHints":{"allow":["GET"]}}],"collection":[{"href":"https:\/\/elluchador.info\/index.php?rest_route=\/wp\/v2\/posts"}],"about":[{"href":"https:\/\/elluchador.info\/index.php?rest_route=\/wp\/v2\/types\/post"}],"author":[{"embeddable":true,"href":"https:\/\/elluchador.info\/index.php?rest_route=\/wp\/v2\/users\/2"}],"replies":[{"embeddable":true,"href":"https:\/\/elluchador.info\/index.php?rest_route=%2Fwp%2Fv2%2Fcomments&post=260266"}],"version-history":[{"count":1,"href":"https:\/\/elluchador.info\/index.php?rest_route=\/wp\/v2\/posts\/260266\/revisions"}],"predecessor-version":[{"id":260268,"href":"https:\/\/elluchador.info\/index.php?rest_route=\/wp\/v2\/posts\/260266\/revisions\/260268"}],"wp:featuredmedia":[{"embeddable":true,"href":"https:\/\/elluchador.info\/index.php?rest_route=\/wp\/v2\/media\/260267"}],"wp:attachment":[{"href":"https:\/\/elluchador.info\/index.php?rest_route=%2Fwp%2Fv2%2Fmedia&parent=260266"}],"wp:term":[{"taxonomy":"category","embeddable":true,"href":"https:\/\/elluchador.info\/index.php?rest_route=%2Fwp%2Fv2%2Fcategories&post=260266"},{"taxonomy":"post_tag","embeddable":true,"href":"https:\/\/elluchador.info\/index.php?rest_route=%2Fwp%2Fv2%2Ftags&post=260266"}],"curies":[{"name":"wp","href":"https:\/\/api.w.org\/{rel}","templated":true}]}}