{"id":260275,"date":"2024-12-14T18:03:14","date_gmt":"2024-12-14T22:03:14","guid":{"rendered":"https:\/\/elluchador.info\/?p=260275"},"modified":"2024-12-14T18:03:17","modified_gmt":"2024-12-14T22:03:17","slug":"instalada-en-caracas-xxiv-cumbre-del-alba-tcp","status":"publish","type":"post","link":"https:\/\/elluchador.info\/?p=260275","title":{"rendered":"Instalada en Caracas XXIV Cumbre del ALBA-TCP"},"content":{"rendered":"\n<p>Este s\u00e1bado, la ciudad de Caracas alberga la XXIV Cumbre de la Alianza Bolivariana para los Pueblos de Nuestra Am\u00e9rica &#8211; Tratado de Comercio de los Pueblos (ALBA-TCP), a prop\u00f3sito del vig\u00e9simo aniversario del organismo de integraci\u00f3n regional.<br>\u00a0<br>En el Centro de Convenciones del Parque Sim\u00f3n Bol\u00edvar, en La Carlota, el presidente Nicol\u00e1s Maduro, anfitri\u00f3n de la Cumbre, recibi\u00f3 a los Jefes de Estado y de Gobierno, en esta m\u00e1xima cita del bloque, que debate el fortalecimiento de la unidad latinoamericana y las pol\u00edticas relacionadas con los sectores de salud y educaci\u00f3n, adem\u00e1s de reiterar el compromiso de la Alianza con los pueblos y realzar la importancia de los principios de solidaridad, justicia social, cooperaci\u00f3n y complementariedad.<\/p>\n\n\n\n<p>Durante su discurso de apertura, el presidente Maduro enfatiz\u00f3 que la Alianza Bolivariana para los Pueblos del Mundo naci\u00f3 hace 20 a\u00f1os para empujar los tiempos hist\u00f3ricos en la construcci\u00f3n de un mundo multipolar, pluric\u00e9ntrico, de igualdad y respeto.<\/p>\n\n\n\n<p>Resalt\u00f3 que el nacimiento del ALBA-TCP signific\u00f3 la creaci\u00f3n de los programas, misiones econ\u00f3micas y sociales que jam\u00e1s se hayan visto en ning\u00fan mecanismo de integraci\u00f3n subregional o regional en Am\u00e9rica ni en el mundo.<\/p>\n\n\n\n<p>Previamente, los dignatarios presentes sostuvieron una reuni\u00f3n privada para compartir impresiones, reflexiones y criterios sobre la evoluci\u00f3n de los acontecimientos, el desarrollo de las luchas de cada pueblo y los cambios geopol\u00edticos en el nacimiento de un nuevo mundo.<\/p>\n\n\n\n<p>\u00a0Al encuentro asisten los presidentes de Bolivia, Luis Arce; Nicaragua, Daniel Ortega, y Cuba, Miguel D\u00edaz-Canel; as\u00ed como los primeros ministros de Antigua y Barbuda, Gaston Browne; San Vicente y las Granadinas, Ralph Gonsalves, y Dominica, Rooselvelt Skerrit, entre otras autoridades de la regi\u00f3n. Esta edici\u00f3n tiene como invitados especiales a Honduras y Palestina.<\/p>\n\n\n\n<p>El ALBA-TCP, fundada el 14 de diciembre de 2004 por los entonces presidentes de Venezuela, Hugo Ch\u00e1vez, y de Cuba, Fidel Castro, en contraposici\u00f3n al fallido proyecto de Estados Unidos de crear el \u00c1rea de Libre Comercio de las Am\u00e9ricas (ALCA), est\u00e1 conformado por Bolivia, Nicaragua, Dominica, Antigua y Barbuda, San Vicente y las Granadinas, Santa Luc\u00eda, San Crist\u00f3bal y Nieves, Grenada, Cuba y Venezuela.<\/p>\n\n\n\n<p>Desde su creaci\u00f3n, la Alianza ha luchado por la defensa de la paz y la construcci\u00f3n del futuro de las naciones que integran el bloque.<\/p>\n\n\n\n<p><strong><em>MPPRE<\/em><\/strong><\/p>\n","protected":false},"excerpt":{"rendered":"<p>Este s\u00e1bado, la ciudad de Caracas alberga la XXIV Cumbre de la Alianza Bolivariana para los Pueblos de Nuestra Am\u00e9rica &#8211; Tratado de Comercio de los Pueblos (ALBA-TCP), a prop\u00f3sito del vig\u00e9simo aniversario del organismo de integraci\u00f3n regional.\u00a0En el Centro de Convenciones del Parque Sim\u00f3n Bol\u00edvar, en La Carlota, el presidente Nicol\u00e1s Maduro, anfitri\u00f3n de [&hellip;]<\/p>\n","protected":false},"author":2,"featured_media":260276,"comment_status":"closed","ping_status":"closed","sticky":false,"template":"","format":"standard","meta":{"footnotes":""},"categories":[11],"tags":[],"class_list":{"0":"post-260275","1":"post","2":"type-post","3":"status-publish","4":"format-standard","5":"has-post-thumbnail","7":"category-politica"},"_links":{"self":[{"href":"https:\/\/elluchador.info\/index.php?rest_route=\/wp\/v2\/posts\/260275","targetHints":{"allow":["GET"]}}],"collection":[{"href":"https:\/\/elluchador.info\/index.php?rest_route=\/wp\/v2\/posts"}],"about":[{"href":"https:\/\/elluchador.info\/index.php?rest_route=\/wp\/v2\/types\/post"}],"author":[{"embeddable":true,"href":"https:\/\/elluchador.info\/index.php?rest_route=\/wp\/v2\/users\/2"}],"replies":[{"embeddable":true,"href":"https:\/\/elluchador.info\/index.php?rest_route=%2Fwp%2Fv2%2Fcomments&post=260275"}],"version-history":[{"count":1,"href":"https:\/\/elluchador.info\/index.php?rest_route=\/wp\/v2\/posts\/260275\/revisions"}],"predecessor-version":[{"id":260277,"href":"https:\/\/elluchador.info\/index.php?rest_route=\/wp\/v2\/posts\/260275\/revisions\/260277"}],"wp:featuredmedia":[{"embeddable":true,"href":"https:\/\/elluchador.info\/index.php?rest_route=\/wp\/v2\/media\/260276"}],"wp:attachment":[{"href":"https:\/\/elluchador.info\/index.php?rest_route=%2Fwp%2Fv2%2Fmedia&parent=260275"}],"wp:term":[{"taxonomy":"category","embeddable":true,"href":"https:\/\/elluchador.info\/index.php?rest_route=%2Fwp%2Fv2%2Fcategories&post=260275"},{"taxonomy":"post_tag","embeddable":true,"href":"https:\/\/elluchador.info\/index.php?rest_route=%2Fwp%2Fv2%2Ftags&post=260275"}],"curies":[{"name":"wp","href":"https:\/\/api.w.org\/{rel}","templated":true}]}}