{"id":260278,"date":"2024-12-14T18:06:50","date_gmt":"2024-12-14T22:06:50","guid":{"rendered":"https:\/\/elluchador.info\/?p=260278"},"modified":"2024-12-14T18:06:54","modified_gmt":"2024-12-14T22:06:54","slug":"ciclon-chido-al-menos-dos-muertos-y-enormes-danos-materiales-en-mayotte","status":"publish","type":"post","link":"https:\/\/elluchador.info\/?p=260278","title":{"rendered":"Cicl\u00f3n Chido: al menos dos muertos y \u00abenormes da\u00f1os materiales\u00bb en Mayotte"},"content":{"rendered":"\n<p>El cicl\u00f3n tropical Chido azot\u00f3 Mayotte el s\u00e1bado 14 de diciembre, barriendo el archipi\u00e9lago franc\u00e9s del oc\u00e9ano \u00cdndico con vientos extremadamente violentos.<\/p>\n\n\n\n<p>Dos personas murieron en la zona de Petite-Terre, la peque\u00f1a isla del archipi\u00e9lago donde se encuentra el aeropuerto de Pamandzi, al este de la capital del territorio de ultramar, Mamoudzou, seg\u00fan pudo saber AFP de una fuente de seguridad.<\/p>\n\n\n\n<p>Cerrado hasta nuevo aviso, el aeropuerto, donde las r\u00e1fagas alcanzaron los 226 km\/h seg\u00fan M\u00e9t\u00e9o-France, \u00absufri\u00f3 da\u00f1os importantes, en particular en la torre de control\u00bb, declar\u00f3 el ministro de Transportes, Fran\u00e7ois Durovray, en X. \u00abEl tr\u00e1fico se restablecer\u00e1 inicialmente utilizando aviones militares de rescate. Se est\u00e1n utilizando barcos para proporcionar suministros\u00bb.<\/p>\n\n\n\n<p>El ministro de las Fuerzas Armadas, S\u00e9bastien Lecornu, subray\u00f3 en X que a partir del s\u00e1bado por la tarde un avi\u00f3n A400M saldr\u00e1 de Francia continental con carga humanitaria y medios de seguridad civil. Le acompa\u00f1ar\u00e1n una fragata y un helic\u00f3ptero.<\/p>\n\n\n\n<h2 class=\"wp-block-heading\"><strong>\u00abEs hora de una respuesta de emergencia\u00bb<\/strong><\/h2>\n\n\n\n<p>\u00abMuchos de nosotros lo hemos perdido todo\u00bb, se lamentaba el prefecto del departamento m\u00e1s pobre de Francia, Fran\u00e7ois-Xavier Bieuville, al informar del \u201ccicl\u00f3n m\u00e1s violento y destructivo que hemos visto desde 1934\u201d.<\/p>\n\n\n\n<p>M\u00e1s de 15.000 hogares est\u00e1n sin electricidad, escribi\u00f3 en X la Ministra de Transici\u00f3n Ecol\u00f3gica, Agn\u00e8s Pannier-Runacher. La situaci\u00f3n tambi\u00e9n hace temer graves problemas de abastecimiento de agua en un archipi\u00e9lago ya sometido a cortes de este servicio b\u00e1sico.<\/p>\n\n\n\n<p>El nuevo primer ministro, Fran\u00e7ois Bayrou, particip\u00f3 esta tarde en Par\u00eds en una reuni\u00f3n interministerial sobre la crisis, seg\u00fan ha anunciado su despacho. \u00abDada la gravedad de la situaci\u00f3n en Mayotte, el primer ministro ha decidido, junto con el ministro del Interior, convocar un centro de crisis interministerial, que se celebrar\u00e1 esta tarde a las 19.00 horas\u00bb, declar\u00f3 Matignon.<\/p>\n\n\n\n<p>El nivel de alerta se ha rebajado de violeta a rojo para permitir la llegada de ayuda, pero el prefecto ha pedido a los cerca de 320.000 habitantes de Mayotte que permanezcan \u00abconfinados\u00bb y \u00absolidarios\u00bb en \u00abeste calvario\u00bb. Las comunicaciones con el territorio siguen siendo muy dif\u00edciles.<\/p>\n\n\n\n<figure class=\"wp-block-image\"><img decoding=\"async\" src=\"https:\/\/s.france24.com\/media\/display\/b85ade6e-ba30-11ef-81d3-005056bfb2b6\/c3403956855de6743152396ad60f881c1a1f70ec.jpg\" alt=\"Los da\u00f1os causados en la torre de control del aeropuerto Marcel-Henry de Mayotte, pocas horas despu\u00e9s del paso del cicl\u00f3n Chido - fotograf\u00eda tomada y publicada por la Direcci\u00f3n General de Aviaci\u00f3n Civil el 14 de diciembre de 2024.\"\/><figcaption class=\"wp-element-caption\">Los da\u00f1os causados en la torre de control del aeropuerto Marcel-Henry de Mayotte, pocas horas despu\u00e9s del paso del cicl\u00f3n Chido &#8211; fotograf\u00eda tomada y publicada por la Direcci\u00f3n General de Aviaci\u00f3n Civil el 14 de diciembre de 2024.&nbsp;\u00a9 Handout \/ DGAC\/AFP<\/figcaption><\/figure>\n\n\n\n<p>Ibrahim Mcolo, vecino de Chiconi, en el oeste de Grande-Terre, se refugi\u00f3 en la casa de cemento de su familia en Kangani, en el norte de la isla. \u00abVeo volar las chapas de todos los vecinos, los cables arrancados, el platanero del vecino en el suelo. Incluso en nuestra casa, que est\u00e1 bien protegida, est\u00e1 entrando el agua. La siento temblar\u00bb, declar\u00f3 a la AFP por la ma\u00f1ana.<\/p>\n\n\n\n<p>\u00abEs un momento de urgencia\u00bb, declar\u00f3 el presidente Emmanuel Macron en X, asegurando que \u201ctodo el pa\u00eds\u201d estaba al lado de los mahorais. El ministro del Interior, Bruno Retailleau, anunci\u00f3 el domingo un nuevo env\u00edo de 140 efectivos de seguridad civil y bomberos, lo que eleva el total a 250.<\/p>\n\n\n\n<h2 class=\"wp-block-heading\"><strong>\u00abM\u00e1xima movilizaci\u00f3n\u00bb<\/strong><\/h2>\n\n\n\n<p>Seg\u00fan el alcalde de Mamoudzou, Ambdilwahedou Soumaila, los servicios t\u00e9cnicos trabajaban intensamente por la tarde para despejar las carreteras y dejar paso a los servicios de emergencia.<\/p>\n\n\n\n<p>Unos 1.600 polic\u00edas y gendarmes se desplegaron para ayudar a la poblaci\u00f3n y \u00abevitar cualquier saqueo\u00bb, seg\u00fan Bruno Retailleau.<\/p>\n\n\n\n<p>Hacia las 14:30 hora local (12:30 en Par\u00eds), la c\u00e9lula de crisis instalada en la prefectura hab\u00eda recibido llamadas de personas que \u00absolo estaban heridas\u00bb, pero \u00ablos servicios de emergencia a\u00fan no han podido llegar a las alturas de la ciudad\u00bb, donde se encuentran los residentes m\u00e1s vulnerables, subray\u00f3 el alcalde de Mamoudzou.<\/p>\n\n\n\n<p>Las autoridades hab\u00edan identificado en el archipi\u00e9lago a unas 100.000 personas que viv\u00edan en \u00abviviendas ins\u00f3litas\u00bb, sobre todo chozas de hojalata, para refugiarlas en m\u00e1s de 70 centros de alojamiento de emergencia.<\/p>\n\n\n\n<p>El ojo del intenso cicl\u00f3n tropical pas\u00f3 por el norte y noroeste de Grande-Terre a \u00faltima hora de la ma\u00f1ana. Despu\u00e9s se desplaz\u00f3 hacia el oeste y las condiciones meteorol\u00f3gicas \u00abmejoraron r\u00e1pidamente\u00bb a \u00faltima hora de la tarde, seg\u00fan el servicio meteorol\u00f3gico. No obstante, Chido seguir\u00e1 siendo un \u00abcicl\u00f3n extremadamente peligroso durante las pr\u00f3ximas 18 a 24 horas\u00bb, y amenaza ahora la costa de Mozambique, en el continente africano.<\/p>\n\n\n\n<p>El archipi\u00e9lago fue puesto en alerta cicl\u00f3nica violeta a las 5:00 de la ma\u00f1ana hora local (3:00 de la madrugada en Par\u00eds), lo que obliga a \u00abconfinar estrictamente a toda la poblaci\u00f3n\u00bb, seg\u00fan la prefectura.<\/p>\n\n\n\n<p>Dos de las islas Comores, Anjouan -la m\u00e1s cercana a Mayotte- y Moheli, tambi\u00e9n se vieron afectadas, pero de forma mucho menos grave. Infraestructuras se inundaron, &#8216;kwasa&#8217; (embarcaciones) fueron arrastradas por las olas y casas sufrieron da\u00f1os, inform\u00f3 el comandante Abderemane Mahmoud, de la Seguridad Civil de las Comoras.<\/p>\n\n\n\n<p><strong><em>Con informaci\u00f3n de  AFP<\/em><\/strong><\/p>\n","protected":false},"excerpt":{"rendered":"<p>El cicl\u00f3n tropical Chido azot\u00f3 Mayotte el s\u00e1bado 14 de diciembre, barriendo el archipi\u00e9lago franc\u00e9s del oc\u00e9ano \u00cdndico con vientos extremadamente violentos. Dos personas murieron en la zona de Petite-Terre, la peque\u00f1a isla del archipi\u00e9lago donde se encuentra el aeropuerto de Pamandzi, al este de la capital del territorio de ultramar, Mamoudzou, seg\u00fan pudo saber [&hellip;]<\/p>\n","protected":false},"author":2,"featured_media":260279,"comment_status":"closed","ping_status":"closed","sticky":false,"template":"","format":"standard","meta":{"footnotes":""},"categories":[8],"tags":[],"class_list":{"0":"post-260278","1":"post","2":"type-post","3":"status-publish","4":"format-standard","5":"has-post-thumbnail","7":"category-internacionales"},"_links":{"self":[{"href":"https:\/\/elluchador.info\/index.php?rest_route=\/wp\/v2\/posts\/260278","targetHints":{"allow":["GET"]}}],"collection":[{"href":"https:\/\/elluchador.info\/index.php?rest_route=\/wp\/v2\/posts"}],"about":[{"href":"https:\/\/elluchador.info\/index.php?rest_route=\/wp\/v2\/types\/post"}],"author":[{"embeddable":true,"href":"https:\/\/elluchador.info\/index.php?rest_route=\/wp\/v2\/users\/2"}],"replies":[{"embeddable":true,"href":"https:\/\/elluchador.info\/index.php?rest_route=%2Fwp%2Fv2%2Fcomments&post=260278"}],"version-history":[{"count":1,"href":"https:\/\/elluchador.info\/index.php?rest_route=\/wp\/v2\/posts\/260278\/revisions"}],"predecessor-version":[{"id":260280,"href":"https:\/\/elluchador.info\/index.php?rest_route=\/wp\/v2\/posts\/260278\/revisions\/260280"}],"wp:featuredmedia":[{"embeddable":true,"href":"https:\/\/elluchador.info\/index.php?rest_route=\/wp\/v2\/media\/260279"}],"wp:attachment":[{"href":"https:\/\/elluchador.info\/index.php?rest_route=%2Fwp%2Fv2%2Fmedia&parent=260278"}],"wp:term":[{"taxonomy":"category","embeddable":true,"href":"https:\/\/elluchador.info\/index.php?rest_route=%2Fwp%2Fv2%2Fcategories&post=260278"},{"taxonomy":"post_tag","embeddable":true,"href":"https:\/\/elluchador.info\/index.php?rest_route=%2Fwp%2Fv2%2Ftags&post=260278"}],"curies":[{"name":"wp","href":"https:\/\/api.w.org\/{rel}","templated":true}]}}