{"id":260284,"date":"2024-12-14T18:30:19","date_gmt":"2024-12-14T22:30:19","guid":{"rendered":"https:\/\/elluchador.info\/?p=260284"},"modified":"2024-12-14T18:30:23","modified_gmt":"2024-12-14T22:30:23","slug":"preso-politico-jesus-rafael-alvarez-murio-bajo-custodia-en-tocuyito","status":"publish","type":"post","link":"https:\/\/elluchador.info\/?p=260284","title":{"rendered":"Preso pol\u00edtico Jes\u00fas Rafael \u00c1lvarez muri\u00f3 bajo custodia en Tocuyito"},"content":{"rendered":"\n<p>El pasado jueves 12 de diciembre falleci\u00f3 Jes\u00fas Rafael \u00c1lvarez, preso pol\u00edtico recluido en el Complejo Penitenciario Carabobo, conocido como el Penal de Tocuyito, seg\u00fan inform\u00f3 la organizaci\u00f3n Una Ventana a la Libertad (UVL).<\/p>\n\n\n\n<p>Aunque a\u00fan no han esclarecido las circunstancias y la hora de su muerte, fuentes vinculadas a UVL se\u00f1alaron que el cuerpo de \u00c1lvarez lo trasladaron en la madrugada del viernes al Departamento de Patolog\u00eda del Servicio Nacional de Medicina y Ciencias Forenses (Senamecf).<\/p>\n\n\n\n<p>Hasta el momento, las autoridades no han emitido un pronunciamiento oficial sobre el deceso, a pesar de que ocurri\u00f3 bajo custodia del Estado.<\/p>\n\n\n\n<p>Por su parte, UVL indic\u00f3 que los restos del fallecido se encuentran en la morgue de la Ciudad Hospitalaria Dr. Enrique Tejera, en Valencia, estado Carabobo, a la espera de ser retirados por sus familiares.<\/p>\n\n\n\n<h2 class=\"wp-block-heading\">\u00bfQui\u00e9n era Jes\u00fas Rafael \u00c1lvarez?<\/h2>\n\n\n\n<p>Jes\u00fas Rafael \u00c1lvarez era un hombre de familia, seg\u00fan muestran sus publicaciones en redes sociales. Sol\u00eda compartir im\u00e1genes junto a su esposa e hijos en su natal Anaco, estado Anzo\u00e1tegui. Una de sus \u00faltimas publicaciones dec\u00eda:&nbsp;<strong>\u201cMi esposa y yo siempre juntos\u201d<\/strong>. \u00c1lvarez era egresado de la Universidad Nororiental Privada Gran Mariscal de Ayacucho, en Puerto Ordaz.<\/p>\n\n\n\n<p>Por otro lado, su hijo Jes\u00fas\u00a0<strong>exigi\u00f3 justicia y la liberaci\u00f3n inmediata de su madre<\/strong>, tambi\u00e9n detenida desde el 2 de agosto en el destacamento 625 de Puerto Ordaz. Ambos progenitores quedaron aprehendidos tras operativos de represi\u00f3n ejecutados en El Callao, estado Bol\u00edvar, luego de las protestas del 28 de julio.<\/p>\n\n\n\n<p>El caso ha despertado indignaci\u00f3n entre organizaciones de derechos humanos. De hecho, Foro Penal, en su \u00faltimo informe, registr\u00f3 1.903 personas detenidas por razones pol\u00edticas, siendo la cifra m\u00e1s alta en el pa\u00eds.<\/p>\n\n\n\n<p>En el penal de Tocuyito, tras las recientes excarcelaciones de noviembre, a\u00fan permanecen m\u00e1s de 400 presos considerados como \u201cpostelectorales\u201d.<\/p>\n\n\n\n<p><em><strong>Con informaci\u00f3n de El Nacional.<\/strong><\/em><\/p>\n\n\n\n<p><\/p>\n","protected":false},"excerpt":{"rendered":"<p>El pasado jueves 12 de diciembre falleci\u00f3 Jes\u00fas Rafael \u00c1lvarez, preso pol\u00edtico recluido en el Complejo Penitenciario Carabobo, conocido como el Penal de Tocuyito, seg\u00fan inform\u00f3 la organizaci\u00f3n Una Ventana a la Libertad (UVL). Aunque a\u00fan no han esclarecido las circunstancias y la hora de su muerte, fuentes vinculadas a UVL se\u00f1alaron que el cuerpo [&hellip;]<\/p>\n","protected":false},"author":2,"featured_media":260285,"comment_status":"closed","ping_status":"closed","sticky":false,"template":"","format":"standard","meta":{"footnotes":""},"categories":[13],"tags":[],"class_list":{"0":"post-260284","1":"post","2":"type-post","3":"status-publish","4":"format-standard","5":"has-post-thumbnail","7":"category-sucesos"},"_links":{"self":[{"href":"https:\/\/elluchador.info\/index.php?rest_route=\/wp\/v2\/posts\/260284","targetHints":{"allow":["GET"]}}],"collection":[{"href":"https:\/\/elluchador.info\/index.php?rest_route=\/wp\/v2\/posts"}],"about":[{"href":"https:\/\/elluchador.info\/index.php?rest_route=\/wp\/v2\/types\/post"}],"author":[{"embeddable":true,"href":"https:\/\/elluchador.info\/index.php?rest_route=\/wp\/v2\/users\/2"}],"replies":[{"embeddable":true,"href":"https:\/\/elluchador.info\/index.php?rest_route=%2Fwp%2Fv2%2Fcomments&post=260284"}],"version-history":[{"count":1,"href":"https:\/\/elluchador.info\/index.php?rest_route=\/wp\/v2\/posts\/260284\/revisions"}],"predecessor-version":[{"id":260286,"href":"https:\/\/elluchador.info\/index.php?rest_route=\/wp\/v2\/posts\/260284\/revisions\/260286"}],"wp:featuredmedia":[{"embeddable":true,"href":"https:\/\/elluchador.info\/index.php?rest_route=\/wp\/v2\/media\/260285"}],"wp:attachment":[{"href":"https:\/\/elluchador.info\/index.php?rest_route=%2Fwp%2Fv2%2Fmedia&parent=260284"}],"wp:term":[{"taxonomy":"category","embeddable":true,"href":"https:\/\/elluchador.info\/index.php?rest_route=%2Fwp%2Fv2%2Fcategories&post=260284"},{"taxonomy":"post_tag","embeddable":true,"href":"https:\/\/elluchador.info\/index.php?rest_route=%2Fwp%2Fv2%2Ftags&post=260284"}],"curies":[{"name":"wp","href":"https:\/\/api.w.org\/{rel}","templated":true}]}}