{"id":260431,"date":"2024-12-16T09:27:26","date_gmt":"2024-12-16T13:27:26","guid":{"rendered":"https:\/\/elluchador.info\/?p=260431"},"modified":"2024-12-16T09:27:30","modified_gmt":"2024-12-16T13:27:30","slug":"lula-dice-que-se-encuentra-totalmente-bien-y-espera-incorporarse-pronto","status":"publish","type":"post","link":"https:\/\/elluchador.info\/?p=260431","title":{"rendered":"Lula dice que se encuentra \u00abtotalmente bien\u00bb y espera incorporarse pronto"},"content":{"rendered":"\n<p>El mandatario brasile\u00f1o, Luiz In\u00e1cio Lula da Silva, de 79 a\u00f1os, recibi\u00f3 el alta despu\u00e9s de seis d\u00edas de internaci\u00f3n por una operaci\u00f3n de urgencia para eliminar un hematoma en el cerebro. Pese a la seriedad del procedimiento, el mandatario garantiz\u00f3 su estado de \u00abperfecto bienestar\u00bb y afirm\u00f3 que tiene la intenci\u00f3n de reiniciar su agenda el pr\u00f3ximo jueves.<\/p>\n\n\n\n<p>\u00abMe voy a cuidar, me voy a cuidar. Tengo mucha responsabilidad, tengo mucha disciplina, me voy a cuidar. Tengo a Janja [su esposa, Rosangela da Silva] que es una fiscal (\u2026) ella es la que va, ya sabe, a obligarme a seguir la l\u00ednea, a cuidarme. Y eso, descansar\u00bb, coment\u00f3 en una entrevista en el programa Fant\u00e1stico de O Globo.<\/p>\n\n\n\n<p>El presidente tambi\u00e9n expres\u00f3 que debe aguardar hasta que sanen los \u00abagujeros\u00bb provocados por las intervenciones quir\u00fargicas en su cr\u00e1neo, aunque sus m\u00e9dicos han indicado que \u00abno existir\u00e1n complicaciones\u00bb durante el proceso de rehabilitaci\u00f3n. Esta semana, Lula est\u00e1 programado para una tomograf\u00eda que determinar\u00e1 si puede o no retomar sus responsabilidades.<\/p>\n\n\n\n<p>Luego de los ex\u00e1menes pertinentes, Lula fue urgentemente trasladado a Sao Paulo para ser operado. Janja, quien tambi\u00e9n intervino en una secci\u00f3n de la entrevista, cont\u00f3 su experiencia en esos instantes.<\/p>\n\n\n\n<p><strong>Retos econ\u00f3micos<\/strong><\/p>\n\n\n\n<p>Cuando vuelva, Lula encontrar\u00e1 retos, sobre todo en la agenda econ\u00f3mica gubernamental. \u00abNo podemos tolerar que los intereses contin\u00faen en este nivel desmedido\u00bb, indic\u00f3 el presidente.<\/p>\n\n\n\n<p>La semana anterior, el Banco Central de Brasil (BCB) elev\u00f3 su tasa de inter\u00e9s de referencia al 12,25%, superando las proyecciones anteriores de las entidades financieras, en medio de preocupaciones por una potencial aceleraci\u00f3n del ritmo de inflaci\u00f3n.<\/p>\n\n\n\n<p>En este contexto, Lula defendi\u00f3 las medidas propuestas para controlar el gasto p\u00fablico, criticadas por el mercado financiero y por algunos parlamentarios. El presidente asegur\u00f3 que su gobierno est\u00e1 enfocado en priorizar las necesidades de la poblaci\u00f3n sin comprometer la estabilidad econ\u00f3mica. \u00abEl pueblo no debe pagar por los errores de un sistema que puede mejorar\u00bb, subray\u00f3.<\/p>\n\n\n\n<p>\u00abEntregu\u00e9 este pa\u00eds en una situaci\u00f3n privilegiada antes, y eso es lo que quiero hacer otra vez\u00bb, puntualiz\u00f3.<\/p>\n\n\n\n<p>Aunque deber\u00e1 seguir las recomendaciones m\u00e9dicas, Lula no tiene intenci\u00f3n de reducir su ritmo de trabajo y planea participar en reuniones ministeriales. \u00abQuiero estar presente en las cosas importantes. Mi compromiso con Brasil sigue intacto\u00bb, afirm\u00f3.<\/p>\n\n\n\n<p>Con informaci\u00f3n de <strong>agencias.-<\/strong><\/p>\n","protected":false},"excerpt":{"rendered":"<p>El mandatario brasile\u00f1o, Luiz In\u00e1cio Lula da Silva, de 79 a\u00f1os, recibi\u00f3 el alta despu\u00e9s de seis d\u00edas de internaci\u00f3n por una operaci\u00f3n de urgencia para eliminar un hematoma en el cerebro. Pese a la seriedad del procedimiento, el mandatario garantiz\u00f3 su estado de \u00abperfecto bienestar\u00bb y afirm\u00f3 que tiene la intenci\u00f3n de reiniciar su [&hellip;]<\/p>\n","protected":false},"author":38,"featured_media":260432,"comment_status":"closed","ping_status":"closed","sticky":false,"template":"","format":"standard","meta":{"footnotes":""},"categories":[8],"tags":[448],"class_list":{"0":"post-260431","1":"post","2":"type-post","3":"status-publish","4":"format-standard","5":"has-post-thumbnail","7":"category-internacionales","8":"tag-mundo"},"_links":{"self":[{"href":"https:\/\/elluchador.info\/index.php?rest_route=\/wp\/v2\/posts\/260431","targetHints":{"allow":["GET"]}}],"collection":[{"href":"https:\/\/elluchador.info\/index.php?rest_route=\/wp\/v2\/posts"}],"about":[{"href":"https:\/\/elluchador.info\/index.php?rest_route=\/wp\/v2\/types\/post"}],"author":[{"embeddable":true,"href":"https:\/\/elluchador.info\/index.php?rest_route=\/wp\/v2\/users\/38"}],"replies":[{"embeddable":true,"href":"https:\/\/elluchador.info\/index.php?rest_route=%2Fwp%2Fv2%2Fcomments&post=260431"}],"version-history":[{"count":1,"href":"https:\/\/elluchador.info\/index.php?rest_route=\/wp\/v2\/posts\/260431\/revisions"}],"predecessor-version":[{"id":260433,"href":"https:\/\/elluchador.info\/index.php?rest_route=\/wp\/v2\/posts\/260431\/revisions\/260433"}],"wp:featuredmedia":[{"embeddable":true,"href":"https:\/\/elluchador.info\/index.php?rest_route=\/wp\/v2\/media\/260432"}],"wp:attachment":[{"href":"https:\/\/elluchador.info\/index.php?rest_route=%2Fwp%2Fv2%2Fmedia&parent=260431"}],"wp:term":[{"taxonomy":"category","embeddable":true,"href":"https:\/\/elluchador.info\/index.php?rest_route=%2Fwp%2Fv2%2Fcategories&post=260431"},{"taxonomy":"post_tag","embeddable":true,"href":"https:\/\/elluchador.info\/index.php?rest_route=%2Fwp%2Fv2%2Ftags&post=260431"}],"curies":[{"name":"wp","href":"https:\/\/api.w.org\/{rel}","templated":true}]}}