{"id":260718,"date":"2024-12-18T15:28:19","date_gmt":"2024-12-18T19:28:19","guid":{"rendered":"https:\/\/elluchador.info\/?p=260718"},"modified":"2024-12-18T15:28:22","modified_gmt":"2024-12-18T19:28:22","slug":"lisbenio-munoz-cerramos-el-periodo-legislativo-2024-con-una-gestion-efectiva","status":"publish","type":"post","link":"https:\/\/elluchador.info\/?p=260718","title":{"rendered":"Lisbenio Mu\u00f1oz: \u201cCerramos el per\u00edodo legislativo 2024 con una gesti\u00f3n efectiva\u201d"},"content":{"rendered":"\n<p>Con el cierre del segundo ciclo de sesiones, este mi\u00e9rcoles 18 de diciembre, el Consejo Legislativo del estado Bol\u00edvar (Cleb) concluye el per\u00edodo legislativo del a\u00f1o fiscal 2024, calificado como una gesti\u00f3n eficiente por su presidente, el legislador Lisbenio Mu\u00f1oz.<\/p>\n\n\n\n<p>El legislador presidente inici\u00f3 su discurso, recordando el refer\u00e9ndum popular que aprob\u00f3 la vigente CRBV, el 15 de diciembre de 1999 en la que se \u201casegura el derecho a la vida, al trabajo, a la cultura, a la educaci\u00f3n, a la justicia social y a la igualdad sin discriminaci\u00f3n ni subordinaci\u00f3n alguna\u201d y, tambi\u00e9n la celebraci\u00f3n del D\u00eda del Poder Popular Constituyente.<\/p>\n\n\n\n<p>Durante la presentaci\u00f3n de su informe anual, el legislador presidente, Lisbenio Mu\u00f1oz, resalt\u00f3 el trabajo legislativo realizado por las diferentes comisiones permanentes, resaltando el trabajo de la Caravana Parlamentaria en la consulta popular de cada proyecto sancionado y, al ejercicio de contralor\u00eda efectuada a la ejecuci\u00f3n del proyecto de presupuesto aprobado al ejecutivo regional del a\u00f1o 2024.<\/p>\n\n\n\n<p>En el \u00e1mbito del trabajo legislativo, de formaci\u00f3n y aprobaci\u00f3n de leyes, signific\u00f3 que fueron sancionadas 11 leyes, acuerdos de C\u00e1mara y resoluciones, con lo cual, se reafirma la eficacia del trabajo legislativo.<\/p>\n\n\n\n<p>De la misma manera, se\u00f1al\u00f3 que durante su gesti\u00f3n al frente del parlamento regional se logr\u00f3 mejorar las condiciones y medio ambiente del trabajo, tanto en el \u00e1rea administrativa como t\u00e9cnica. Acot\u00f3 que se mejor\u00f3 el aspecto de la cobertura de la red de Internet con una adecuaci\u00f3n tecnol\u00f3gica y equipamiento a cada unidad de trabajo.<\/p>\n\n\n\n<p><strong>Leyes aprobadas<\/strong><\/p>\n\n\n\n<p>Mu\u00f1oz expres\u00f3 su satisfacci\u00f3n por la eficacia legislativa demostrada tanto por los legisladores patriotas como por el aporte de legisladores opositores. Entre las leyes sancionadas destac\u00f3 la Ley de Salud P\u00fablica, Ley Especial de la Poblaci\u00f3n Afrodescendientes, Ley para la Protecci\u00f3n y Defensa de la Medicina Natural, Ley de Gesti\u00f3n Integral del Agua y Saneamiento, Ley de Cultura, entre otras no menos importantes.<\/p>\n\n\n\n<p>Durante la sesi\u00f3n, tambi\u00e9n fue sancionada de forma un\u00e1nime en segunda discusi\u00f3n el Proyecto de Reforma Parcial de la Ley de Timbre Fiscal del Estado Bol\u00edvar, con moci\u00f3n de la legisladora Dulce Guarnizo, presidenta de la Comisi\u00f3n Permanente de Econom\u00eda, Finanzas,<br>Planificaci\u00f3n, Contralor\u00eda y Servicios P\u00fablicos, demostrando la eficacia que hizo gala esta administraci\u00f3n durante el actual per\u00edodo legislativo que cierra el 31 de diciembre.<\/p>\n\n\n\n<p><strong>Cr\u00e9ditos Adicionales<\/strong><\/p>\n\n\n\n<p>Con moci\u00f3n de la legisladora Guarnizo, tambi\u00e9n fueron aprobados dos cr\u00e9ditos adicionales solicitados por el ejecutivo regional para reforzar los programas sociales y continuar con los trabajos de mejoramiento de la infraestructura hospitalaria y el asfaltado en la entidad bolivarense, ejecutada por el gobernador \u00c1ngel Marcano.<\/p>\n\n\n\n<p><strong>Comisi\u00f3n delegada<\/strong><\/p>\n\n\n\n<p>De la misma forma, fue designada e instalada la Comisi\u00f3n Delegada integrada por Lisbenio Mu\u00f1oz, Armando Barreto, Dulce Guarnizo, Dayana Hern\u00e1ndez y Alberto Aray, como principales; siendo Elizabeth Conejero, Wilfredo Villalba, Yusleiby Ram\u00edrez, Freddy Valera y Carlos Zerpa, los suplentes. La misma estar\u00e1 en funciones desde el 18 al 31 de diciembre de 2024. <\/p>\n\n\n\n<p><strong><em><mark style=\"background-color:rgba(0, 0, 0, 0)\" class=\"has-inline-color has-vivid-cyan-blue-color\">Prensa Cleb<\/mark><\/em><\/strong><\/p>\n","protected":false},"excerpt":{"rendered":"<p>Con el cierre del segundo ciclo de sesiones, este mi\u00e9rcoles 18 de diciembre, el Consejo Legislativo del estado Bol\u00edvar (Cleb) concluye el per\u00edodo legislativo del a\u00f1o fiscal 2024, calificado como una gesti\u00f3n eficiente por su presidente, el legislador Lisbenio Mu\u00f1oz. El legislador presidente inici\u00f3 su discurso, recordando el refer\u00e9ndum popular que aprob\u00f3 la vigente CRBV, [&hellip;]<\/p>\n","protected":false},"author":33,"featured_media":260719,"comment_status":"closed","ping_status":"closed","sticky":false,"template":"","format":"standard","meta":{"footnotes":""},"categories":[12],"tags":[185,306,2103],"class_list":{"0":"post-260718","1":"post","2":"type-post","3":"status-publish","4":"format-standard","5":"has-post-thumbnail","7":"category-regionales","8":"tag-bolivar","9":"tag-ciudad-bolivar","10":"tag-cleb"},"_links":{"self":[{"href":"https:\/\/elluchador.info\/index.php?rest_route=\/wp\/v2\/posts\/260718","targetHints":{"allow":["GET"]}}],"collection":[{"href":"https:\/\/elluchador.info\/index.php?rest_route=\/wp\/v2\/posts"}],"about":[{"href":"https:\/\/elluchador.info\/index.php?rest_route=\/wp\/v2\/types\/post"}],"author":[{"embeddable":true,"href":"https:\/\/elluchador.info\/index.php?rest_route=\/wp\/v2\/users\/33"}],"replies":[{"embeddable":true,"href":"https:\/\/elluchador.info\/index.php?rest_route=%2Fwp%2Fv2%2Fcomments&post=260718"}],"version-history":[{"count":1,"href":"https:\/\/elluchador.info\/index.php?rest_route=\/wp\/v2\/posts\/260718\/revisions"}],"predecessor-version":[{"id":260720,"href":"https:\/\/elluchador.info\/index.php?rest_route=\/wp\/v2\/posts\/260718\/revisions\/260720"}],"wp:featuredmedia":[{"embeddable":true,"href":"https:\/\/elluchador.info\/index.php?rest_route=\/wp\/v2\/media\/260719"}],"wp:attachment":[{"href":"https:\/\/elluchador.info\/index.php?rest_route=%2Fwp%2Fv2%2Fmedia&parent=260718"}],"wp:term":[{"taxonomy":"category","embeddable":true,"href":"https:\/\/elluchador.info\/index.php?rest_route=%2Fwp%2Fv2%2Fcategories&post=260718"},{"taxonomy":"post_tag","embeddable":true,"href":"https:\/\/elluchador.info\/index.php?rest_route=%2Fwp%2Fv2%2Ftags&post=260718"}],"curies":[{"name":"wp","href":"https:\/\/api.w.org\/{rel}","templated":true}]}}