{"id":260813,"date":"2024-12-19T11:47:53","date_gmt":"2024-12-19T15:47:53","guid":{"rendered":"https:\/\/elluchador.info\/?p=260813"},"modified":"2024-12-19T11:47:57","modified_gmt":"2024-12-19T15:47:57","slug":"arnold-schwarzenegger-se-transforma-en-santa-claus-para-su-nueva-pelicula","status":"publish","type":"post","link":"https:\/\/elluchador.info\/?p=260813","title":{"rendered":"Arnold Schwarzenegger se transforma en Santa Claus para su nueva pel\u00edcula"},"content":{"rendered":"\n<p>Una de las franquicias que goz\u00f3 de gran \u00e9xito desde sus inicios fue \u201cTerminator\u201d y, al pensar en ella, se nos viene a la mente\u00a0<strong>Arnold Schwarzenegger<\/strong>, quien protagoniz\u00f3 y alcanz\u00f3 un gran reconocimiento gracias a la pel\u00edcula. Sin embargo, el actor sorprendi\u00f3 a todos cuando fue captado en el set de grabaci\u00f3n de su nuevo film.<\/p>\n\n\n\n<p>Se trata de la\u00a0<strong>pel\u00edcula navide\u00f1a\u00a0\u00abThe Man with the Bag\u00bb<\/strong>, inspirada en la cl\u00e1sica canci\u00f3n de Kay Starr, en la cual\u00a0<strong>Schwarzenegger interpreta a Santa Claus<\/strong>. Su transformaci\u00f3n para este nuevo proyecto dej\u00f3 sin aliento al p\u00fablico, con una gran barba t\u00edpica de este personaje de Navidad, el maquillaje especial y las pr\u00f3tesis faciales que luci\u00f3, le hacen ver mucho mayor.<\/p>\n\n\n\n<figure class=\"wp-block-image\"><img decoding=\"async\" src=\"https:\/\/pxcdn.meridiano.net\/122024\/1734566699913\/Arnold%20Schwarzenegger%20santa%20claus.jpg?cw=446\" alt=\"Arnold Schwarzenegger se transforma en Santa Claus para su nueva pel\u00edcula \" title=\"Arnold Schwarzenegger se transforma en Santa Claus para su nueva pel\u00edcula -\"\/><\/figure>\n\n\n\n<p>Arnold compartir\u00e1 pantalla con los actores&nbsp;<strong>Alan Ritchson<\/strong>&nbsp;y&nbsp;<strong>Juan Di Giorgio<\/strong>. Por los momentos se desconoce la fecha de estreno de esta cinta, sin embargo, se sabe que la trama de la pel\u00edcula comienza \u201ccuando le roban la bolsa m\u00e1gica a Pap\u00e1 Noel y \u00e9ste recurre a su lista de traviesos para encontrar a Vance, un antiguo ladr\u00f3n, para que le ayude a recuperarla\u201d.<\/p>\n\n\n\n<p>A trav\u00e9s de su perfil de Instagram mostr\u00f3 su satisfacci\u00f3n de trabajar con el equipo en el proyecto. &nbsp;<em>\u00abEs fant\u00e1stico filmar The Man With the Bag con Alan Ritchson. Nuestro director Adam Shankman es uno de los directores m\u00e1s divertidos con los que he trabajado, la ciudad de Nueva York es una anfitriona incre\u00edble, trabajar con Amazon Studios es una alegr\u00eda y no puedo esperar a compartir toda esta alegr\u00eda navide\u00f1a con todos y cada uno\u00bb,&nbsp;<\/em>escribi\u00f3.<\/p>\n\n\n\n<p>Por su \u00a0parte,\u00a0<strong>Arnold Schwarzenegger\u00a0<\/strong>no es ajeno a este tipo de proyectos navide\u00f1os, en el pasado form\u00f3 parte del film \u201cUn padre en apuros\u201d, estrenada hace 28 a\u00f1os.<\/p>\n\n\n\n<figure class=\"wp-block-image\"><img decoding=\"async\" src=\"https:\/\/pxcdn.meridiano.net\/122024\/1734566531658\/un%20padre%20en%20apuros.jpg?cw=446\" alt=\"Arnold Schwarzenegger se transforma en Santa Claus para su nueva pel\u00edcula \" title=\"Arnold Schwarzenegger se transforma en Santa Claus para su nueva pel\u00edcula -\"\/><\/figure>\n\n\n\n<p><a target=\"_blank\" href=\"https:\/\/news.google.com\/publications\/CAAqKAgKIiJDQklTRXdnTWFnOEtEVzFsY21sa2FXRnVieTV1WlhRb0FBUAE?ceid=AR:es-419&amp;oc=3\" rel=\"noreferrer noopener\"><\/a><a target=\"_blank\" href=\"https:\/\/news.google.com\/publications\/CAAqKAgKIiJDQklTRXdnTWFnOEtEVzFsY21sa2FXRnVieTV1WlhRb0FBUAE?ceid=AR:es-419&amp;oc=3\" rel=\"noreferrer noopener\"><\/a><a target=\"_blank\" href=\"https:\/\/news.google.com\/publications\/CAAqKAgKIiJDQklTRXdnTWFnOEtEVzFsY21sa2FXRnVieTV1WlhRb0FBUAE?ceid=AR:es-419&amp;oc=3\" rel=\"noreferrer noopener\"><\/a><\/p>\n\n\n\n<p><strong><em>Con informaci\u00f3n de meridiano.<\/em><\/strong><\/p>\n","protected":false},"excerpt":{"rendered":"<p>Una de las franquicias que goz\u00f3 de gran \u00e9xito desde sus inicios fue \u201cTerminator\u201d y, al pensar en ella, se nos viene a la mente\u00a0Arnold Schwarzenegger, quien protagoniz\u00f3 y alcanz\u00f3 un gran reconocimiento gracias a la pel\u00edcula. Sin embargo, el actor sorprendi\u00f3 a todos cuando fue captado en el set de grabaci\u00f3n de su nuevo [&hellip;]<\/p>\n","protected":false},"author":2,"featured_media":260814,"comment_status":"closed","ping_status":"closed","sticky":false,"template":"","format":"standard","meta":{"footnotes":""},"categories":[7],"tags":[],"class_list":{"0":"post-260813","1":"post","2":"type-post","3":"status-publish","4":"format-standard","5":"has-post-thumbnail","7":"category-entretenimiento"},"_links":{"self":[{"href":"https:\/\/elluchador.info\/index.php?rest_route=\/wp\/v2\/posts\/260813","targetHints":{"allow":["GET"]}}],"collection":[{"href":"https:\/\/elluchador.info\/index.php?rest_route=\/wp\/v2\/posts"}],"about":[{"href":"https:\/\/elluchador.info\/index.php?rest_route=\/wp\/v2\/types\/post"}],"author":[{"embeddable":true,"href":"https:\/\/elluchador.info\/index.php?rest_route=\/wp\/v2\/users\/2"}],"replies":[{"embeddable":true,"href":"https:\/\/elluchador.info\/index.php?rest_route=%2Fwp%2Fv2%2Fcomments&post=260813"}],"version-history":[{"count":1,"href":"https:\/\/elluchador.info\/index.php?rest_route=\/wp\/v2\/posts\/260813\/revisions"}],"predecessor-version":[{"id":260815,"href":"https:\/\/elluchador.info\/index.php?rest_route=\/wp\/v2\/posts\/260813\/revisions\/260815"}],"wp:featuredmedia":[{"embeddable":true,"href":"https:\/\/elluchador.info\/index.php?rest_route=\/wp\/v2\/media\/260814"}],"wp:attachment":[{"href":"https:\/\/elluchador.info\/index.php?rest_route=%2Fwp%2Fv2%2Fmedia&parent=260813"}],"wp:term":[{"taxonomy":"category","embeddable":true,"href":"https:\/\/elluchador.info\/index.php?rest_route=%2Fwp%2Fv2%2Fcategories&post=260813"},{"taxonomy":"post_tag","embeddable":true,"href":"https:\/\/elluchador.info\/index.php?rest_route=%2Fwp%2Fv2%2Ftags&post=260813"}],"curies":[{"name":"wp","href":"https:\/\/api.w.org\/{rel}","templated":true}]}}