{"id":260825,"date":"2024-12-19T12:20:51","date_gmt":"2024-12-19T16:20:51","guid":{"rendered":"https:\/\/elluchador.info\/?p=260825"},"modified":"2024-12-19T12:20:55","modified_gmt":"2024-12-19T16:20:55","slug":"en-gaceta-oficial-designado-ramon-velasquez-como-director-encargado-del-aeropuerto-de-maiquetia","status":"publish","type":"post","link":"https:\/\/elluchador.info\/?p=260825","title":{"rendered":"En Gaceta Oficial: Designado Ram\u00f3n Vel\u00e1squez como director encargado del aeropuerto de Maiquet\u00eda"},"content":{"rendered":"\n<p>Este jueves 19 de septiembre fue designado como director encargado del&nbsp;Instituto Aeropuerto Internacional Sim\u00f3n Bol\u00edvar de Maiquet\u00eda, Ram\u00f3n Calestino Vel\u00e1squez Araguay\u00e1n, quien adem\u00e1s es ministro de Transporte.&nbsp;<\/p>\n\n\n\n<p>El anunci\u00f3 entr\u00f3 en vigencia desde el pasado 16 de diciembre publicado en Gaceta Oficial.&nbsp;<\/p>\n\n\n\n<p>Cabe destacar que Araguay\u00e1n continuar\u00e1 desempa\u00f1ando labores para el Poder Popular para el Transporte y de la aerol\u00ednea estatal Conviasa.<\/p>\n\n\n\n<p><strong><em>Con informaci\u00f3n de EU.<\/em><\/strong><\/p>\n","protected":false},"excerpt":{"rendered":"<p>Este jueves 19 de septiembre fue designado como director encargado del&nbsp;Instituto Aeropuerto Internacional Sim\u00f3n Bol\u00edvar de Maiquet\u00eda, Ram\u00f3n Calestino Vel\u00e1squez Araguay\u00e1n, quien adem\u00e1s es ministro de Transporte.&nbsp; El anunci\u00f3 entr\u00f3 en vigencia desde el pasado 16 de diciembre publicado en Gaceta Oficial.&nbsp; Cabe destacar que Araguay\u00e1n continuar\u00e1 desempa\u00f1ando labores para el Poder Popular para el [&hellip;]<\/p>\n","protected":false},"author":2,"featured_media":260827,"comment_status":"closed","ping_status":"closed","sticky":false,"template":"","format":"standard","meta":{"footnotes":""},"categories":[11],"tags":[],"class_list":{"0":"post-260825","1":"post","2":"type-post","3":"status-publish","4":"format-standard","5":"has-post-thumbnail","7":"category-politica"},"_links":{"self":[{"href":"https:\/\/elluchador.info\/index.php?rest_route=\/wp\/v2\/posts\/260825","targetHints":{"allow":["GET"]}}],"collection":[{"href":"https:\/\/elluchador.info\/index.php?rest_route=\/wp\/v2\/posts"}],"about":[{"href":"https:\/\/elluchador.info\/index.php?rest_route=\/wp\/v2\/types\/post"}],"author":[{"embeddable":true,"href":"https:\/\/elluchador.info\/index.php?rest_route=\/wp\/v2\/users\/2"}],"replies":[{"embeddable":true,"href":"https:\/\/elluchador.info\/index.php?rest_route=%2Fwp%2Fv2%2Fcomments&post=260825"}],"version-history":[{"count":1,"href":"https:\/\/elluchador.info\/index.php?rest_route=\/wp\/v2\/posts\/260825\/revisions"}],"predecessor-version":[{"id":260828,"href":"https:\/\/elluchador.info\/index.php?rest_route=\/wp\/v2\/posts\/260825\/revisions\/260828"}],"wp:featuredmedia":[{"embeddable":true,"href":"https:\/\/elluchador.info\/index.php?rest_route=\/wp\/v2\/media\/260827"}],"wp:attachment":[{"href":"https:\/\/elluchador.info\/index.php?rest_route=%2Fwp%2Fv2%2Fmedia&parent=260825"}],"wp:term":[{"taxonomy":"category","embeddable":true,"href":"https:\/\/elluchador.info\/index.php?rest_route=%2Fwp%2Fv2%2Fcategories&post=260825"},{"taxonomy":"post_tag","embeddable":true,"href":"https:\/\/elluchador.info\/index.php?rest_route=%2Fwp%2Fv2%2Ftags&post=260825"}],"curies":[{"name":"wp","href":"https:\/\/api.w.org\/{rel}","templated":true}]}}