{"id":260894,"date":"2024-12-19T17:34:44","date_gmt":"2024-12-19T21:34:44","guid":{"rendered":"https:\/\/elluchador.info\/?p=260894"},"modified":"2024-12-19T17:34:53","modified_gmt":"2024-12-19T21:34:53","slug":"francia-declaro-estado-de-calamidad-en-mayotte-tras-impacto-de-ciclon-chido","status":"publish","type":"post","link":"https:\/\/elluchador.info\/?p=260894","title":{"rendered":"Francia declar\u00f3 estado de calamidad en Mayotte tras impacto de cicl\u00f3n Chido"},"content":{"rendered":"\n<p>El Gobierno de Francia declar\u00f3 en la noche de este mi\u00e9rcoles el estado de \u00abcalamidad natural excepcional\u00bb en el archipi\u00e9lago de Mayotte tras el paso del cicl\u00f3n Chido, que hasta ahora ha dejado 31 fallecidos y 45 heridos. La declaraci\u00f3n fue realizada por el ministro encargado de los territorios de ultramar, Fran\u00e7ois-Noel Buffet, quien anunci\u00f3 la activaci\u00f3n de esta medida para facilitar una gesti\u00f3n m\u00e1s eficaz de la crisis y permitir la implementaci\u00f3n de acciones de emergencia.<\/p>\n\n\n\n<p>Esta medida se produce justo antes de la visita programada del presidente franc\u00e9s, Emmanuel Macron, quien viaj\u00f3 al archipi\u00e9lago el jueves. Su avi\u00f3n llevar\u00e1 consigo cuatro toneladas de ayuda alimentaria y sanitaria, as\u00ed como miembros de los servicios de emergencias que permanecer\u00e1n en la isla para asistir en las labores de recuperaci\u00f3n. El mandatario cancel\u00f3 su participaci\u00f3n en el Consejo Europeo previsto para este viernes para llevar a cabo esta visita crucial. Despu\u00e9s de su estancia en Mayotte, tiene programado viajar a Yibuti para realizar una breve visita a Etiop\u00eda como parte de sus visitas anuales a destacamentos militares franceses en el extranjero durante la temporada navide\u00f1a.<\/p>\n\n\n\n<p>La situaci\u00f3n en Mayotte es cr\u00edtica; las infraestructuras han sufrido da\u00f1os severos, con escasa electricidad y comunicaciones interrumpidas. El Gobierno franc\u00e9s ha impuesto un toque de queda entre las 22:00 y las 04:00 horas para prevenir saqueos en esta regi\u00f3n, que es considerada el departamento m\u00e1s pobre de ese pa\u00eds. El Ej\u00e9rcito env\u00eda ayuda humanitaria mediante aviones militares y civiles desde la cercana isla de La Reuni\u00f3n.<\/p>\n\n\n\n<p>A medida que contin\u00faan las labores de rescate y asistencia, se teme que el n\u00famero real de v\u00edctimas pueda ser mucho mayor debido a la magnitud del desastre. Las autoridades han informado que cerca de mil 400 personas requieren atenci\u00f3n m\u00e9dica urgente tras el paso del cicl\u00f3n, que ha sido calificado como la tormenta m\u00e1s fuerte en m\u00e1s de 90 a\u00f1os seg\u00fan el servicio meteorol\u00f3gico franc\u00e9s. Adem\u00e1s de Mayotte, en otros territorios africanos tambi\u00e9n se han contabilizado decesos, como es el caso de Mozambique con 73 fallecidos y Malaui con 13.<\/p>\n\n\n\n<p><em><strong>Con informaci\u00f3n de Telesur<\/strong><\/em><a href=\"https:\/\/www.vtv.gob.ve\/francia-estado-calamidad-mayotte-impacto-ciclon-chido\/\"><\/a><\/p>\n","protected":false},"excerpt":{"rendered":"<p>El Gobierno de Francia declar\u00f3 en la noche de este mi\u00e9rcoles el estado de \u00abcalamidad natural excepcional\u00bb en el archipi\u00e9lago de Mayotte tras el paso del cicl\u00f3n Chido, que hasta ahora ha dejado 31 fallecidos y 45 heridos. La declaraci\u00f3n fue realizada por el ministro encargado de los territorios de ultramar, Fran\u00e7ois-Noel Buffet, quien anunci\u00f3 [&hellip;]<\/p>\n","protected":false},"author":2,"featured_media":260895,"comment_status":"closed","ping_status":"closed","sticky":false,"template":"","format":"standard","meta":{"footnotes":""},"categories":[8],"tags":[],"class_list":{"0":"post-260894","1":"post","2":"type-post","3":"status-publish","4":"format-standard","5":"has-post-thumbnail","7":"category-internacionales"},"_links":{"self":[{"href":"https:\/\/elluchador.info\/index.php?rest_route=\/wp\/v2\/posts\/260894","targetHints":{"allow":["GET"]}}],"collection":[{"href":"https:\/\/elluchador.info\/index.php?rest_route=\/wp\/v2\/posts"}],"about":[{"href":"https:\/\/elluchador.info\/index.php?rest_route=\/wp\/v2\/types\/post"}],"author":[{"embeddable":true,"href":"https:\/\/elluchador.info\/index.php?rest_route=\/wp\/v2\/users\/2"}],"replies":[{"embeddable":true,"href":"https:\/\/elluchador.info\/index.php?rest_route=%2Fwp%2Fv2%2Fcomments&post=260894"}],"version-history":[{"count":1,"href":"https:\/\/elluchador.info\/index.php?rest_route=\/wp\/v2\/posts\/260894\/revisions"}],"predecessor-version":[{"id":260896,"href":"https:\/\/elluchador.info\/index.php?rest_route=\/wp\/v2\/posts\/260894\/revisions\/260896"}],"wp:featuredmedia":[{"embeddable":true,"href":"https:\/\/elluchador.info\/index.php?rest_route=\/wp\/v2\/media\/260895"}],"wp:attachment":[{"href":"https:\/\/elluchador.info\/index.php?rest_route=%2Fwp%2Fv2%2Fmedia&parent=260894"}],"wp:term":[{"taxonomy":"category","embeddable":true,"href":"https:\/\/elluchador.info\/index.php?rest_route=%2Fwp%2Fv2%2Fcategories&post=260894"},{"taxonomy":"post_tag","embeddable":true,"href":"https:\/\/elluchador.info\/index.php?rest_route=%2Fwp%2Fv2%2Ftags&post=260894"}],"curies":[{"name":"wp","href":"https:\/\/api.w.org\/{rel}","templated":true}]}}