{"id":261122,"date":"2024-12-21T14:36:22","date_gmt":"2024-12-21T18:36:22","guid":{"rendered":"https:\/\/elluchador.info\/?p=261122"},"modified":"2024-12-21T14:36:26","modified_gmt":"2024-12-21T18:36:26","slug":"excarcelada-la-periodista-ana-carolina-guaita-informa-el-sntp","status":"publish","type":"post","link":"https:\/\/elluchador.info\/?p=261122","title":{"rendered":"Excarcelada la periodista Ana Carolina Guaita informa el SNTP"},"content":{"rendered":"\n<p>El Sindicato Nacional de Trabajadores de la Prensa (SNTP) inform\u00f3 este s\u00e1bado 21 de diciembre que la periodista Ana Carolina Guaita fue excarcelada tras cuatro meses de prisi\u00f3n. &nbsp;Fue detenida de forma arbitraria durante la cobertura a las protestas poselectorales en La Guaira.<\/p>\n\n\n\n<p>A trav\u00e9s de su cuenta en X, el SNTP record\u00f3 que Guaita fue acusada de la presunta comisi\u00f3n de delitos como obstrucci\u00f3n de la v\u00eda p\u00fablica, instigaci\u00f3n al odio y terrorismo.<\/p>\n\n\n\n<p>La ONG Un Mundo Sin Mordaza celebr\u00f3 la salida de prisi\u00f3n de Guaita, asegurando que su caso deja en evidencia \u00abel ataque sistem\u00e1tico contra la libertad de expresi\u00f3n en Venezuela.\u00bb<\/p>\n\n\n\n<p>La joven, quien es periodista del medio digital La Patilla e hija de dirigentes pol\u00edticos de Copei, fue detenida a principios de agosto cerca de las 6:00 p.m. en la urbanizaci\u00f3n El Rinc\u00f3n, en la zona de Maiquet\u00eda.<\/p>\n\n\n\n<p>Los padres de Ana Carolina Guaita Barreto son Xiomara Barreto y Carlos Guaita, ambos dirigentes del partido Copei en Vargas; quienes participaron de forma activa en la campa\u00f1a electoral del aspirante presidencial opositor Edmundo Gonz\u00e1lez Urrutia y se fueron del pa\u00eds en medio de la escalada de represi\u00f3n y persecuci\u00f3n pol\u00edtica por parte de los cuerpos de seguridad del Estado despu\u00e9s de las elecciones presidenciales.<\/p>\n\n\n\n<p>La Comisi\u00f3n Interamericana de Derechos Humanos (CIDH) otorg\u00f3 el martes 27 de agosto medidas cautelares de protecci\u00f3n a la periodista, por considerar que est\u00e1 en una situaci\u00f3n \u00abde gravedad y urgencia de riesgo de da\u00f1o irreparable a sus derechos\u00bb en Venezuela, rese\u00f1a Tal Cual.<\/p>\n\n\n\n<p><strong><em>Con informaci\u00f3n de EI.<\/em><\/strong><\/p>\n","protected":false},"excerpt":{"rendered":"<p>El Sindicato Nacional de Trabajadores de la Prensa (SNTP) inform\u00f3 este s\u00e1bado 21 de diciembre que la periodista Ana Carolina Guaita fue excarcelada tras cuatro meses de prisi\u00f3n. &nbsp;Fue detenida de forma arbitraria durante la cobertura a las protestas poselectorales en La Guaira. A trav\u00e9s de su cuenta en X, el SNTP record\u00f3 que Guaita [&hellip;]<\/p>\n","protected":false},"author":2,"featured_media":261123,"comment_status":"closed","ping_status":"closed","sticky":false,"template":"","format":"standard","meta":{"footnotes":""},"categories":[9],"tags":[],"class_list":{"0":"post-261122","1":"post","2":"type-post","3":"status-publish","4":"format-standard","5":"has-post-thumbnail","7":"category-nacionales"},"_links":{"self":[{"href":"https:\/\/elluchador.info\/index.php?rest_route=\/wp\/v2\/posts\/261122","targetHints":{"allow":["GET"]}}],"collection":[{"href":"https:\/\/elluchador.info\/index.php?rest_route=\/wp\/v2\/posts"}],"about":[{"href":"https:\/\/elluchador.info\/index.php?rest_route=\/wp\/v2\/types\/post"}],"author":[{"embeddable":true,"href":"https:\/\/elluchador.info\/index.php?rest_route=\/wp\/v2\/users\/2"}],"replies":[{"embeddable":true,"href":"https:\/\/elluchador.info\/index.php?rest_route=%2Fwp%2Fv2%2Fcomments&post=261122"}],"version-history":[{"count":1,"href":"https:\/\/elluchador.info\/index.php?rest_route=\/wp\/v2\/posts\/261122\/revisions"}],"predecessor-version":[{"id":261124,"href":"https:\/\/elluchador.info\/index.php?rest_route=\/wp\/v2\/posts\/261122\/revisions\/261124"}],"wp:featuredmedia":[{"embeddable":true,"href":"https:\/\/elluchador.info\/index.php?rest_route=\/wp\/v2\/media\/261123"}],"wp:attachment":[{"href":"https:\/\/elluchador.info\/index.php?rest_route=%2Fwp%2Fv2%2Fmedia&parent=261122"}],"wp:term":[{"taxonomy":"category","embeddable":true,"href":"https:\/\/elluchador.info\/index.php?rest_route=%2Fwp%2Fv2%2Fcategories&post=261122"},{"taxonomy":"post_tag","embeddable":true,"href":"https:\/\/elluchador.info\/index.php?rest_route=%2Fwp%2Fv2%2Ftags&post=261122"}],"curies":[{"name":"wp","href":"https:\/\/api.w.org\/{rel}","templated":true}]}}