{"id":261129,"date":"2024-12-21T15:14:51","date_gmt":"2024-12-21T19:14:51","guid":{"rendered":"https:\/\/elluchador.info\/?p=261129"},"modified":"2024-12-21T15:14:54","modified_gmt":"2024-12-21T19:14:54","slug":"importa-algo-ser-hijo-unico","status":"publish","type":"post","link":"https:\/\/elluchador.info\/?p=261129","title":{"rendered":"\u00bfImporta algo ser hijo\u00a0\u00fanico?"},"content":{"rendered":"\n<p>Javier, un profesor de secundaria con 25 a\u00f1os de experiencia, observa pensativo su aula. Recuerda su infancia con sus hermanas y primos, cuando las familias con dos hijos o m\u00e1s eran la norma. Ahora, mirando a sus alumnos, descubre un cambio radical: diecisiete de sus treinta estudiantes\u00a0son hijos \u00fanicos.<\/p>\n\n\n\n<p>Algunos por decisi\u00f3n consciente de los padres, otros por razones econ\u00f3micas, personales o profesionales. \u201cYa no es como antes\u201d, reflexiona, \u201clos ni\u00f1os de hoy tienen m\u00e1s atenci\u00f3n individual, m\u00e1s recursos, pero quiz\u00e1s menos pr\u00e1ctica en la negociaci\u00f3n y el compartir\u201d.<\/p>\n\n\n\n<p>En las \u00faltimas d\u00e9cadas, las sociedades occidentales, incluida Espa\u00f1a (con una de las tasas de fertilidad\u00a0m\u00e1s bajas de Europa), han experimentado un proceso de individualizaci\u00f3n que ha impactado en diversas dimensiones, incluidas\u00a0las estructuras familiares.<\/p>\n\n\n\n<p>Este fen\u00f3meno se refleja en una disminuci\u00f3n del tama\u00f1o de los hogares y el aumento de familias con hijos \u00fanicos. Este cambio en la estructura familiar plantea nuevas din\u00e1micas sociales, educativas y econ\u00f3micas.<\/p>\n\n\n\n<h2 class=\"wp-block-heading\">\u00bfPor qu\u00e9 hay m\u00e1s hijos \u00fanicos?<\/h2>\n\n\n\n<p>Uno de los principales factores detr\u00e1s del aumento de hijos \u00fanicos es la baja tasa de natalidad, especialmente en Espa\u00f1a, donde la media de hijos por mujer\u00a0es de 1,16. Este descenso est\u00e1 motivado por una combinaci\u00f3n de razones econ\u00f3micas, sociales y culturales, como el retraso de la maternidad, la inseguridad laboral y la\u00a0creciente importancia del desarrollo profesional de las mujeres.<\/p>\n\n\n\n<p>Siguiendo con el ejemplo de Espa\u00f1a, la edad promedio para ser madre ha pasado de 25 a\u00f1os en los a\u00f1os 80\u00a0a 32,6 a\u00f1os en la actualidad. Adem\u00e1s, la precariedad econ\u00f3mica y la falta de pol\u00edticas de conciliaci\u00f3n familiar han forzado a muchas parejas\u00a0a tener menos hijos. En la actualidad, casi el 50\u00a0% de las familias con hijos solamente tienen uno.<\/p>\n\n\n\n<p>Este fen\u00f3meno no solo es caracter\u00edstico de Espa\u00f1a, sino que tambi\u00e9n se observa en otros pa\u00edses europeos, donde la fecundidad est\u00e1 por debajo del nivel de reemplazo (nacen menos ni\u00f1os de los que ser\u00edan necesarios para \u201creemplazar\u201d a las personas que fallecen). Las familias valoran m\u00e1s la calidad de la crianza que la cantidad de hijos, lo que contribuye al aumento de los hijos \u00fanicos.<\/p>\n\n\n\n<p>Adem\u00e1s de las\u00a0consecuencias a largo plazo, como el envejecimiento de la poblaci\u00f3n y el d\u00e9ficit de poblaci\u00f3n adulta para las pr\u00f3ximas d\u00e9cadas, el hecho de no tener hermanos o hermanas tiene una serie de consecuencias a nivel personal, como plantea Javier, el profesor con el que comenzaba el art\u00edculo.<\/p>\n\n\n\n<h3 class=\"wp-block-heading\">\u00bfC\u00f3mo nos afecta no tener hermanos?<\/h3>\n\n\n\n<p>El hecho de crecer como hijo \u00fanico tiene diversas implicaciones. Se suele desarrollar\u00a0una relaci\u00f3n m\u00e1s cercana con los progenitores, lo que puede fomentar, por ejemplo,\u00a0mayores habilidades ling\u00fc\u00edsticas.<\/p>\n\n\n\n<p>Al no compartir la atenci\u00f3n parental con otros hermanos, suelen ser m\u00e1s maduros en sus interacciones con adultos y pueden tener\u00a0una ventaja acad\u00e9mica\u00a0por el mayor apoyo y atenci\u00f3n que reciben.<\/p>\n\n\n\n<p>Como contrapartida, las relaciones entre iguales puede ser insuficiente. La interacci\u00f3n entre hermanos proporciona experiencias para\u00a0aprender a gestionar conflictos, compartir y desarrollar la empat\u00eda. La escasez de estas interacciones puede dejarlos m\u00e1s expuestos a una socializaci\u00f3n m\u00e1s vertical, lo que en algunos casos puede limitar su \u201cinteligencia de calle\u201d, la capacidad de adaptarse a entornos sociales diversos y resolver conflictos con sus iguales.<\/p>\n\n\n\n<p>Adem\u00e1s, pueden\u00a0sentir mayor presi\u00f3n\u00a0de cumplir con las expectativas de sus padres, dado que no tienen hermanos con quienes compartir esa carga emocional. Esto puede generar en algunos casos ansiedad o un elevado sentido de responsabilidad, lo que\u00a0afecta su bienestar emocional y social.<\/p>\n\n\n\n<h3 class=\"wp-block-heading\">Impacto educativo y desarrollo personal<\/h3>\n\n\n\n<p>En el \u00e1mbito educativo, tienden a beneficiarse de una atenci\u00f3n m\u00e1s personalizada de sus padres, lo que puede traducirse en mejores resultados acad\u00e9micos. Tienen m\u00e1s recursos y oportunidades para acceder a actividades extraescolares, lo que fomenta su desarrollo cognitivo y creativo. Suelen mostrar niveles m\u00e1s altos de concentraci\u00f3n, autodisciplina y planificaci\u00f3n, caracter\u00edsticas vinculadas con el \u00e9xito acad\u00e9mico.<\/p>\n\n\n\n<p>Sin embargo, la escasez de interacci\u00f3n con hermanos puede limitar su capacidad para desarrollar habilidades colaborativas, esenciales en entornos educativos. La competencia entre hermanos puede favorecer el aprendizaje de valores como la cooperaci\u00f3n, la empat\u00eda y la capacidad para gestionar la frustraci\u00f3n.<\/p>\n\n\n\n<p>Al no tener estas experiencias de manera directa, pueden mostrar una menor tolerancia a la frustraci\u00f3n o dificultades para trabajar en equipo. Los padres deben buscar diversas posibilidades para compensar estas posibles limitaciones. En todo caso, la familia es fundamental para completar el desarrollo integral de su hijo o hija.<\/p>\n\n\n\n<h3 class=\"wp-block-heading\">Promover la autonom\u00eda y las habilidades sociales<\/h3>\n\n\n\n<p>Hoy en d\u00eda, como observaba Javier, ser un hijo \u00fanico no es una anomal\u00eda, sino la nueva normalidad. Es s\u00edntoma de un cambio social profundo. Docentes como Javier, y los propios padres y madres, deben entender que esta generaci\u00f3n emergente deber\u00e1 desarrollar estrategias de adaptaci\u00f3n social, aprendiendo a construir v\u00ednculos m\u00e1s all\u00e1 del entorno familiar inmediato.<\/p>\n\n\n\n<p>El sistema educativo y las familias deben adaptarse a esta metamorfosis social.<\/p>\n\n\n\n<p>Joan Tahull Fort, Profesor de sociolog\u00eda de la educaci\u00f3n,\u00a0<em>Universitat de Lleida<\/em><\/p>\n\n\n\n<p>Este art\u00edculo fue publicado originalmente en&nbsp;<a href=\"https:\/\/theconversation.com\/\">The Conversation<\/a>. Lea el&nbsp;<a href=\"https:\/\/theconversation.com\/importa-algo-ser-hijo-unico-245207\">original<\/a>.<\/p>\n","protected":false},"excerpt":{"rendered":"<p>Javier, un profesor de secundaria con 25 a\u00f1os de experiencia, observa pensativo su aula. Recuerda su infancia con sus hermanas y primos, cuando las familias con dos hijos o m\u00e1s eran la norma. Ahora, mirando a sus alumnos, descubre un cambio radical: diecisiete de sus treinta estudiantes\u00a0son hijos \u00fanicos. Algunos por decisi\u00f3n consciente de los [&hellip;]<\/p>\n","protected":false},"author":2,"featured_media":261130,"comment_status":"closed","ping_status":"closed","sticky":false,"template":"","format":"standard","meta":{"footnotes":""},"categories":[3],"tags":[],"class_list":{"0":"post-261129","1":"post","2":"type-post","3":"status-publish","4":"format-standard","5":"has-post-thumbnail","7":"category-curiosidades"},"_links":{"self":[{"href":"https:\/\/elluchador.info\/index.php?rest_route=\/wp\/v2\/posts\/261129","targetHints":{"allow":["GET"]}}],"collection":[{"href":"https:\/\/elluchador.info\/index.php?rest_route=\/wp\/v2\/posts"}],"about":[{"href":"https:\/\/elluchador.info\/index.php?rest_route=\/wp\/v2\/types\/post"}],"author":[{"embeddable":true,"href":"https:\/\/elluchador.info\/index.php?rest_route=\/wp\/v2\/users\/2"}],"replies":[{"embeddable":true,"href":"https:\/\/elluchador.info\/index.php?rest_route=%2Fwp%2Fv2%2Fcomments&post=261129"}],"version-history":[{"count":1,"href":"https:\/\/elluchador.info\/index.php?rest_route=\/wp\/v2\/posts\/261129\/revisions"}],"predecessor-version":[{"id":261131,"href":"https:\/\/elluchador.info\/index.php?rest_route=\/wp\/v2\/posts\/261129\/revisions\/261131"}],"wp:featuredmedia":[{"embeddable":true,"href":"https:\/\/elluchador.info\/index.php?rest_route=\/wp\/v2\/media\/261130"}],"wp:attachment":[{"href":"https:\/\/elluchador.info\/index.php?rest_route=%2Fwp%2Fv2%2Fmedia&parent=261129"}],"wp:term":[{"taxonomy":"category","embeddable":true,"href":"https:\/\/elluchador.info\/index.php?rest_route=%2Fwp%2Fv2%2Fcategories&post=261129"},{"taxonomy":"post_tag","embeddable":true,"href":"https:\/\/elluchador.info\/index.php?rest_route=%2Fwp%2Fv2%2Ftags&post=261129"}],"curies":[{"name":"wp","href":"https:\/\/api.w.org\/{rel}","templated":true}]}}