{"id":261177,"date":"2024-12-21T17:36:11","date_gmt":"2024-12-21T21:36:11","guid":{"rendered":"https:\/\/elluchador.info\/?p=261177"},"modified":"2024-12-21T17:36:16","modified_gmt":"2024-12-21T21:36:16","slug":"hoy-sabado-21-dic-es-el-dia-mas-corto-del-2024-ya-que-tendra-menos-luz-solar","status":"publish","type":"post","link":"https:\/\/elluchador.info\/?p=261177","title":{"rendered":"Hoy s\u00e1bado 21-Dic es el d\u00eda m\u00e1s corto del 2024, ya que tendr\u00e1 menos luz solar"},"content":{"rendered":"\n<p>Este s\u00e1bado&nbsp;<strong>21 de diciembre de 2024<\/strong>&nbsp;ha tenido lugar el&nbsp;<strong>solsticio de invierno<\/strong>,&nbsp;exactamente a las&nbsp;<strong>10:21 (hora peninsular espa\u00f1ola)<\/strong>. Este evento astron\u00f3mico se\u00f1ala el&nbsp;<strong>d\u00eda m\u00e1s corto y la noche m\u00e1s larga del a\u00f1o<\/strong>&nbsp;en el hemisferio norte.<\/p>\n\n\n\n<p>Aunque es un momento que muchos asocian con la llegada del invierno, tambi\u00e9n es el punto de partida hacia d\u00edas m\u00e1s largos y luminosos.<\/p>\n\n\n<div class=\"wp-block-image\">\n<figure class=\"aligncenter\"><img decoding=\"async\" src=\"https:\/\/bitlyanews.com\/wp-content\/uploads\/2024\/12\/photo_2024-12-21_14-32-52-1024x618.jpg\" alt=\"\" class=\"wp-image-1084625\"\/><\/figure>\n<\/div>\n\n\n<h2 class=\"wp-block-heading\"><strong>\u00bfCu\u00e1ndo es el d\u00eda m\u00e1s corto del a\u00f1o?<\/strong><\/h2>\n\n\n\n<p>El&nbsp;<strong>d\u00eda m\u00e1s corto del a\u00f1o<\/strong>&nbsp;siempre coincide con el&nbsp;<strong>solsticio de invierno<\/strong>, que este 2024 se ha producido este s\u00e1bado&nbsp;<strong>21 de diciembre<\/strong>&nbsp;en Espa\u00f1a, as\u00ed como en todo el hemisferio norte. Durante este d\u00eda, el Sol alcanza su posici\u00f3n m\u00e1s baja en el cielo al mediod\u00eda, lo que resulta en la menor cantidad de horas de luz solar.<\/p>\n\n\n\n<h2 class=\"wp-block-heading\"><strong>\u00bfEs tambi\u00e9n la noche m\u00e1s larga del a\u00f1o?<\/strong><\/h2>\n\n\n\n<p>S\u00ed, el&nbsp;<strong>solsticio de invierno<\/strong>&nbsp;trae consigo la&nbsp;<strong>noche m\u00e1s larga del a\u00f1o<\/strong>. En Espa\u00f1a, dependiendo de la latitud, las horas de oscuridad superan ampliamente a las de luz, ofreciendo un marco perfecto para observar el cielo nocturno.<\/p>\n\n\n\n<h2 class=\"wp-block-heading\"><strong>\u00bfCu\u00e1ntas horas tiene esta noche durante el d\u00eda del solsticio?<\/strong><\/h2>\n\n\n\n<p>En Espa\u00f1a, la cantidad de horas de oscuridad var\u00eda seg\u00fan la latitud. En el norte, como en Bilbao, la noche puede extenderse hasta m\u00e1s de&nbsp;<strong>15 horas,<\/strong>&nbsp;mientras que en el sur, en ciudades como Sevilla, se reduce ligeramente, alcanzando alrededor de 14 horas y 50 minutos. En las Islas Canarias, la proximidad al ecuador acorta a\u00fan m\u00e1s la noche, con unas 13 horas y 40 minutos de oscuridad.<\/p>\n\n\n\n<h2 class=\"wp-block-heading\"><strong>\u00bfQu\u00e9 sucede despu\u00e9s del solsticio de invierno?<\/strong><\/h2>\n\n\n\n<p>A partir del&nbsp;<strong>21 de diciembre<\/strong>, los d\u00edas comienzan a alargarse de forma gradual. Aunque el cambio es apenas perceptible en los primeros d\u00edas, las horas de luz se incrementan poco a poco hasta alcanzar su m\u00e1ximo en el&nbsp;<strong>solsticio de verano<\/strong>, el&nbsp;<strong>20 de junio de 2025<\/strong>.<\/p>\n\n\n\n<h2 class=\"wp-block-heading\"><strong>\u00bfCu\u00e1ndo es el d\u00eda m\u00e1s largo del a\u00f1o?<\/strong><\/h2>\n\n\n\n<p>El&nbsp;<strong>d\u00eda m\u00e1s largo del a\u00f1o<\/strong>&nbsp;llegar\u00e1 con el&nbsp;<strong>solsticio de verano<\/strong>, el&nbsp;<strong>20 de junio de 2025<\/strong>, a las&nbsp;<strong>02:42 (hora peninsular espa\u00f1ola)<\/strong>. Durante esa jornada, las horas de luz ser\u00e1n las m\u00e1s extensas del a\u00f1o, marcando el inicio del verano astron\u00f3mico.<\/p>\n\n\n\n<h2 class=\"wp-block-heading\"><strong>\u00bfPor qu\u00e9 ocurre este fen\u00f3meno?<\/strong><\/h2>\n\n\n\n<p>El&nbsp;<strong>solsticio de invierno<\/strong>&nbsp;ocurre debido a la inclinaci\u00f3n del eje de la Tierra. En esta fecha, el hemisferio norte se encuentra m\u00e1s alejado del Sol en su \u00f3rbita, lo que resulta en menos luz solar directa. Este fen\u00f3meno es opuesto en el hemisferio sur, donde el&nbsp;<strong>21 de diciembre<\/strong>&nbsp;marca el inicio del verano y el d\u00eda m\u00e1s largo del a\u00f1o.<\/p>\n\n\n\n<h2 class=\"wp-block-heading\"><strong>\u00bfCu\u00e1ndo es el d\u00eda m\u00e1s corto del a\u00f1o?<\/strong><\/h2>\n\n\n\n<p>El&nbsp;<strong>d\u00eda m\u00e1s corto del a\u00f1o<\/strong>&nbsp;siempre coincide con el&nbsp;<strong>solsticio de invierno<\/strong>, que este 2024 se ha producido este s\u00e1bado&nbsp;<strong>21 de diciembre<\/strong>&nbsp;en Espa\u00f1a, as\u00ed como en todo el hemisferio norte. Durante este d\u00eda, el Sol alcanza su posici\u00f3n m\u00e1s baja en el cielo al mediod\u00eda, lo que resulta en la menor cantidad de horas de luz solar.<\/p>\n\n\n\n<h2 class=\"wp-block-heading\"><strong>\u00bfEs tambi\u00e9n la noche m\u00e1s larga del a\u00f1o?<\/strong><\/h2>\n\n\n\n<p>S\u00ed, el&nbsp;<strong>solsticio de invierno<\/strong>&nbsp;trae consigo la&nbsp;<strong>noche m\u00e1s larga del a\u00f1o<\/strong>. En Espa\u00f1a, dependiendo de la latitud, las horas de oscuridad superan ampliamente a las de luz, ofreciendo un marco perfecto para observar el cielo nocturno.<\/p>\n\n\n\n<h2 class=\"wp-block-heading\"><strong>\u00bfCu\u00e1ntas horas tiene esta noche durante el d\u00eda del solsticio?<\/strong><\/h2>\n\n\n\n<p>En Espa\u00f1a, la cantidad de horas de oscuridad var\u00eda seg\u00fan la latitud. En el norte, como en Bilbao, la noche puede extenderse hasta m\u00e1s de&nbsp;<strong>15 horas,<\/strong>&nbsp;mientras que en el sur, en ciudades como Sevilla, se reduce ligeramente, alcanzando alrededor de 14 horas y 50 minutos. En las Islas Canarias, la proximidad al ecuador acorta a\u00fan m\u00e1s la noche, con unas 13 horas y 40 minutos de oscuridad.<\/p>\n\n\n\n<h2 class=\"wp-block-heading\"><strong>\u00bfQu\u00e9 sucede despu\u00e9s del solsticio de invierno?<\/strong><\/h2>\n\n\n\n<p>A partir del&nbsp;<strong>21 de diciembre<\/strong>, los d\u00edas comienzan a alargarse de forma gradual. Aunque el cambio es apenas perceptible en los primeros d\u00edas, las horas de luz se incrementan poco a poco hasta alcanzar su m\u00e1ximo en el&nbsp;<strong>solsticio de verano<\/strong>, el&nbsp;<strong>20 de junio de 2025<\/strong>.<\/p>\n\n\n\n<h2 class=\"wp-block-heading\"><strong>\u00bfCu\u00e1ndo es el d\u00eda m\u00e1s largo del a\u00f1o?<\/strong><\/h2>\n\n\n\n<p>El&nbsp;<strong>d\u00eda m\u00e1s largo del a\u00f1o<\/strong>&nbsp;llegar\u00e1 con el&nbsp;<strong>solsticio de verano<\/strong>, el&nbsp;<strong>20 de junio de 2025<\/strong>, a las&nbsp;<strong>02:42 (hora peninsular espa\u00f1ola)<\/strong>. Durante esa jornada, las horas de luz ser\u00e1n las m\u00e1s extensas del a\u00f1o, marcando el inicio del verano astron\u00f3mico.<\/p>\n\n\n\n<h2 class=\"wp-block-heading\"><strong>\u00bfPor qu\u00e9 ocurre este fen\u00f3meno?<\/strong><\/h2>\n\n\n\n<p>El&nbsp;<strong>solsticio de invierno<\/strong>&nbsp;ocurre debido a la inclinaci\u00f3n del eje de la Tierra. En esta fecha, el hemisferio norte se encuentra m\u00e1s alejado del Sol en su \u00f3rbita, lo que resulta en menos luz solar directa. Este fen\u00f3meno es opuesto en el hemisferio sur, donde el&nbsp;<strong>21 de diciembre<\/strong>&nbsp;marca el inicio del verano y el d\u00eda m\u00e1s largo del a\u00f1o.<\/p>\n\n\n\n<p><strong><em>Con informaci\u00f3n de El Tiempo.<\/em><\/strong><\/p>\n","protected":false},"excerpt":{"rendered":"<p>Este s\u00e1bado&nbsp;21 de diciembre de 2024&nbsp;ha tenido lugar el&nbsp;solsticio de invierno,&nbsp;exactamente a las&nbsp;10:21 (hora peninsular espa\u00f1ola). Este evento astron\u00f3mico se\u00f1ala el&nbsp;d\u00eda m\u00e1s corto y la noche m\u00e1s larga del a\u00f1o&nbsp;en el hemisferio norte. Aunque es un momento que muchos asocian con la llegada del invierno, tambi\u00e9n es el punto de partida hacia d\u00edas m\u00e1s largos [&hellip;]<\/p>\n","protected":false},"author":2,"featured_media":261178,"comment_status":"closed","ping_status":"closed","sticky":false,"template":"","format":"standard","meta":{"footnotes":""},"categories":[3],"tags":[],"class_list":{"0":"post-261177","1":"post","2":"type-post","3":"status-publish","4":"format-standard","5":"has-post-thumbnail","7":"category-curiosidades"},"_links":{"self":[{"href":"https:\/\/elluchador.info\/index.php?rest_route=\/wp\/v2\/posts\/261177","targetHints":{"allow":["GET"]}}],"collection":[{"href":"https:\/\/elluchador.info\/index.php?rest_route=\/wp\/v2\/posts"}],"about":[{"href":"https:\/\/elluchador.info\/index.php?rest_route=\/wp\/v2\/types\/post"}],"author":[{"embeddable":true,"href":"https:\/\/elluchador.info\/index.php?rest_route=\/wp\/v2\/users\/2"}],"replies":[{"embeddable":true,"href":"https:\/\/elluchador.info\/index.php?rest_route=%2Fwp%2Fv2%2Fcomments&post=261177"}],"version-history":[{"count":1,"href":"https:\/\/elluchador.info\/index.php?rest_route=\/wp\/v2\/posts\/261177\/revisions"}],"predecessor-version":[{"id":261179,"href":"https:\/\/elluchador.info\/index.php?rest_route=\/wp\/v2\/posts\/261177\/revisions\/261179"}],"wp:featuredmedia":[{"embeddable":true,"href":"https:\/\/elluchador.info\/index.php?rest_route=\/wp\/v2\/media\/261178"}],"wp:attachment":[{"href":"https:\/\/elluchador.info\/index.php?rest_route=%2Fwp%2Fv2%2Fmedia&parent=261177"}],"wp:term":[{"taxonomy":"category","embeddable":true,"href":"https:\/\/elluchador.info\/index.php?rest_route=%2Fwp%2Fv2%2Fcategories&post=261177"},{"taxonomy":"post_tag","embeddable":true,"href":"https:\/\/elluchador.info\/index.php?rest_route=%2Fwp%2Fv2%2Ftags&post=261177"}],"curies":[{"name":"wp","href":"https:\/\/api.w.org\/{rel}","templated":true}]}}