{"id":261207,"date":"2024-12-22T10:37:32","date_gmt":"2024-12-22T14:37:32","guid":{"rendered":"https:\/\/elluchador.info\/?p=261207"},"modified":"2024-12-22T13:22:17","modified_gmt":"2024-12-22T17:22:17","slug":"polvo-del-sahara-llegara-a-venezuela-este-23-dic","status":"publish","type":"post","link":"https:\/\/elluchador.info\/?p=261207","title":{"rendered":"Polvo del Sahara llegar\u00e1 a Venezuela este 23-Dic"},"content":{"rendered":"\n<p>Una nueva nube de polvo del Sahara llegar\u00e1 a Venezuela en v\u00edsperas de Navidad, este 23 de diciembre, as\u00ed lo inform\u00f3 el meteor\u00f3logo Luis Vargas.\u00a0<\/p>\n\n\n\n<p>En su cuenta de X (Twitter), Vargas asegur\u00f3 que, actualmente, este polvillo viaja por el oc\u00e9ano Atl\u00e1ntico. Sin embargo, cuando llegue al territorio nacional, se propagar\u00e1 por gran parte del pa\u00eds.<\/p>\n\n\n\n<p>Vargas explic\u00f3 que no ser\u00e1 hasta el s\u00e1bado o domingo de la pr\u00f3xima semana cuando empiece a disminuir la concentraci\u00f3n de part\u00edculas.<\/p>\n\n\n\n<p>\u00abRecordemos que el polvo sahariano reduce la calidad del aire, disminuye la visibilidad horizontal e inhibe la formaci\u00f3n de nubes de evoluci\u00f3n, entre otros\u00bb, recalc\u00f3 sobre las consecuencias de este fen\u00f3meno natural.&nbsp;<\/p>\n\n\n\n<p><strong><em>Con informaci\u00f3n de EU.<\/em><\/strong><\/p>\n","protected":false},"excerpt":{"rendered":"<p>Una nueva nube de polvo del Sahara llegar\u00e1 a Venezuela en v\u00edsperas de Navidad, este 23 de diciembre, as\u00ed lo inform\u00f3 el meteor\u00f3logo Luis Vargas.\u00a0 En su cuenta de X (Twitter), Vargas asegur\u00f3 que, actualmente, este polvillo viaja por el oc\u00e9ano Atl\u00e1ntico. Sin embargo, cuando llegue al territorio nacional, se propagar\u00e1 por gran parte del [&hellip;]<\/p>\n","protected":false},"author":2,"featured_media":261208,"comment_status":"closed","ping_status":"closed","sticky":false,"template":"","format":"standard","meta":{"footnotes":""},"categories":[5,9],"tags":[],"class_list":{"0":"post-261207","1":"post","2":"type-post","3":"status-publish","4":"format-standard","5":"has-post-thumbnail","7":"category-destacado","8":"category-nacionales"},"_links":{"self":[{"href":"https:\/\/elluchador.info\/index.php?rest_route=\/wp\/v2\/posts\/261207","targetHints":{"allow":["GET"]}}],"collection":[{"href":"https:\/\/elluchador.info\/index.php?rest_route=\/wp\/v2\/posts"}],"about":[{"href":"https:\/\/elluchador.info\/index.php?rest_route=\/wp\/v2\/types\/post"}],"author":[{"embeddable":true,"href":"https:\/\/elluchador.info\/index.php?rest_route=\/wp\/v2\/users\/2"}],"replies":[{"embeddable":true,"href":"https:\/\/elluchador.info\/index.php?rest_route=%2Fwp%2Fv2%2Fcomments&post=261207"}],"version-history":[{"count":2,"href":"https:\/\/elluchador.info\/index.php?rest_route=\/wp\/v2\/posts\/261207\/revisions"}],"predecessor-version":[{"id":261253,"href":"https:\/\/elluchador.info\/index.php?rest_route=\/wp\/v2\/posts\/261207\/revisions\/261253"}],"wp:featuredmedia":[{"embeddable":true,"href":"https:\/\/elluchador.info\/index.php?rest_route=\/wp\/v2\/media\/261208"}],"wp:attachment":[{"href":"https:\/\/elluchador.info\/index.php?rest_route=%2Fwp%2Fv2%2Fmedia&parent=261207"}],"wp:term":[{"taxonomy":"category","embeddable":true,"href":"https:\/\/elluchador.info\/index.php?rest_route=%2Fwp%2Fv2%2Fcategories&post=261207"},{"taxonomy":"post_tag","embeddable":true,"href":"https:\/\/elluchador.info\/index.php?rest_route=%2Fwp%2Fv2%2Ftags&post=261207"}],"curies":[{"name":"wp","href":"https:\/\/api.w.org\/{rel}","templated":true}]}}